{"id":1430,"date":"2013-03-21T22:19:35","date_gmt":"2013-03-21T22:19:35","guid":{"rendered":"http:\/\/blogs.hoy.es\/senderosextremadura\/?p=1430"},"modified":"2013-03-21T22:19:35","modified_gmt":"2013-03-21T22:19:35","slug":"ruta-desde-el-puente-romano-de-alcantara-31-de-marzo","status":"publish","type":"post","link":"https:\/\/blogs.hoy.es\/senderosextremadura\/2013\/03\/21\/ruta-desde-el-puente-romano-de-alcantara-31-de-marzo\/","title":{"rendered":"Ruta desde el Puente Romano de Alc\u00e1ntara (31 de marzo)"},"content":{"rendered":"<p><a href=\"https:\/\/blogs.hoy.es\/senderosextremadura\/2013\/03\/21\/ruta-desde-el-puente-romano-de-alcantara-31-de-marzo\/estorninosn\/\" rel=\"attachment wp-att-1431\"><img loading=\"lazy\" class=\"aligncenter size-large wp-image-1431\" title=\"Cartel de la ruta\" src=\"\/senderosextremadura\/wp-content\/uploads\/sites\/22\/2013\/03\/estorninosn.jpg\" alt=\"\" width=\"600\" height=\"450\" srcset=\"https:\/\/static-blogs.hoy.es\/wp-content\/uploads\/sites\/22\/2013\/03\/estorninosn.jpg 960w, https:\/\/static-blogs.hoy.es\/wp-content\/uploads\/sites\/22\/2013\/03\/estorninosn-300x225.jpg 300w, https:\/\/static-blogs.hoy.es\/wp-content\/uploads\/sites\/22\/2013\/03\/estorninosn-768x576.jpg 768w, https:\/\/static-blogs.hoy.es\/wp-content\/uploads\/sites\/22\/2013\/03\/estorninosn-600x450.jpg 600w\" sizes=\"(max-width: 600px) 100vw, 600px\" \/><\/a>A la vista de que se acerca la Semana Santa, el <strong><a href=\"http:\/\/www.clubcaminantebadajoz.com\/\" rel=\"external nofollow\">Club del Caminane de Badajoz<\/a>\u00a0<\/strong> nos adelanta ya de la ruta del domingo <strong>31 de marzo<\/strong>. Ir\u00e1n hasta Alc\u00e1ntara para visitar su\u00a0 imponente Puente Romano sobre el Tajo, el menhir del <strong>Cabezo<\/strong>, la peque\u00f1a <strong>villa de Estorninos<\/strong> y vuelta a Alc\u00e1ntara,\u00a0 localidad cacere\u00f1a llena de atractivos hist\u00f3ricos. En total har\u00e1n un recorrido de 21 kil\u00f3metros. <!--more--><br \/>\nLa inscripci\u00f3n se cerrar\u00e1 (excepcionalmente) el martes 26, porque el jueves es fiesta. No lo dej\u00e9is para \u00faltimo momento.<\/p>\n<p>M\u00c1S INFORMACI\u00d3N EN:<\/p>\n<p><a href=\"http:\/\/www.clubcaminantebadajoz.com\/\" target=\"_blank\" rel=\"external nofollow\"><strong>http:\/\/www.clubcaminantebadajoz.com\/<\/strong><\/a><\/p>\n<!-- AddThis Advanced Settings generic via filter on the_content --><!-- AddThis Share Buttons generic via filter on the_content -->","protected":false},"excerpt":{"rendered":"<p>A la vista de que se acerca la Semana Santa, el Club del Caminane de Badajoz\u00a0 nos adelanta ya de la ruta del domingo 31 de marzo. Ir\u00e1n hasta Alc\u00e1ntara para visitar su\u00a0 imponente Puente Romano sobre el Tajo, el menhir del Cabezo, la peque\u00f1a villa de Estorninos y vuelta a Alc\u00e1ntara,\u00a0 localidad cacere\u00f1a llena [&hellip;]<!-- AddThis Advanced Settings generic via filter on get_the_excerpt --><!-- AddThis Share Buttons generic via filter on get_the_excerpt --><\/p>\n","protected":false},"author":27,"featured_media":0,"comment_status":"open","ping_status":"closed","sticky":false,"template":"","format":"standard","meta":[],"categories":[4],"tags":[23,121,906,958,1035],"_links":{"self":[{"href":"https:\/\/blogs.hoy.es\/senderosextremadura\/wp-json\/wp\/v2\/posts\/1430"}],"collection":[{"href":"https:\/\/blogs.hoy.es\/senderosextremadura\/wp-json\/wp\/v2\/posts"}],"about":[{"href":"https:\/\/blogs.hoy.es\/senderosextremadura\/wp-json\/wp\/v2\/types\/post"}],"author":[{"embeddable":true,"href":"https:\/\/blogs.hoy.es\/senderosextremadura\/wp-json\/wp\/v2\/users\/27"}],"replies":[{"embeddable":true,"href":"https:\/\/blogs.hoy.es\/senderosextremadura\/wp-json\/wp\/v2\/comments?post=1430"}],"version-history":[{"count":0,"href":"https:\/\/blogs.hoy.es\/senderosextremadura\/wp-json\/wp\/v2\/posts\/1430\/revisions"}],"wp:attachment":[{"href":"https:\/\/blogs.hoy.es\/senderosextremadura\/wp-json\/wp\/v2\/media?parent=1430"}],"wp:term":[{"taxonomy":"category","embeddable":true,"href":"https:\/\/blogs.hoy.es\/senderosextremadura\/wp-json\/wp\/v2\/categories?post=1430"},{"taxonomy":"post_tag","embeddable":true,"href":"https:\/\/blogs.hoy.es\/senderosextremadura\/wp-json\/wp\/v2\/tags?post=1430"}],"curies":[{"name":"wp","href":"https:\/\/api.w.org\/{rel}","templated":true}]}}