{"id":1434,"date":"2013-03-22T22:41:15","date_gmt":"2013-03-22T22:41:15","guid":{"rendered":"http:\/\/blogs.hoy.es\/senderosextremadura\/?p=1434"},"modified":"2013-03-22T22:41:15","modified_gmt":"2013-03-22T22:41:15","slug":"senderistas-de-la-zarza-visitan-villanueva-del-fresno-en-fiesta-del-gurumelo","status":"publish","type":"post","link":"https:\/\/blogs.hoy.es\/senderosextremadura\/2013\/03\/22\/senderistas-de-la-zarza-visitan-villanueva-del-fresno-en-fiesta-del-gurumelo\/","title":{"rendered":"Senderistas de La Zarza visitar\u00e1n Villanueva del Fresno en la fiesta del gurumelo"},"content":{"rendered":"<p><a href=\"https:\/\/blogs.hoy.es\/senderosextremadura\/2013\/03\/22\/senderistas-de-la-zarza-visitan-villanueva-del-fresno-en-fiesta-del-gurumelo\/gurumelo\/\" rel=\"attachment wp-att-1436\"><img loading=\"lazy\" class=\"alignright  wp-image-1436\" title=\"Gurumelos\" src=\"\/senderosextremadura\/wp-content\/uploads\/sites\/22\/2013\/03\/gurumelo.jpg\" alt=\"\" width=\"335\" height=\"222\" srcset=\"https:\/\/static-blogs.hoy.es\/wp-content\/uploads\/sites\/22\/2013\/03\/gurumelo.jpg 550w, https:\/\/static-blogs.hoy.es\/wp-content\/uploads\/sites\/22\/2013\/03\/gurumelo-300x199.jpg 300w\" sizes=\"(max-width: 335px) 100vw, 335px\" \/><\/a>Los senderistas del club Pe\u00f1as Blancas de La Zarza han cambiado la <strong>ruta prevista para el pr\u00f3ximo domingo en Olivenza<\/strong> por otra en Villanueva del Fresno. Ser\u00e1n 19 kil\u00f3metros entre Alconchel y Villanueva del Fresno. Una marcha de dificultad media-baja. Despu\u00e9s de la ruta disfrutar\u00e1n de las\u00a0 actividades programadas con motivo de las\u00a0<strong> <a title=\"La localidad celebra este fin de semana las VIII Jornadas Transfronterizas del Gurumelo\" href=\"http:\/\/www.hoy.es\/v\/20130322\/prov-badajoz\/localidad-celebra-este-semana-20130322.html\" target=\"_blank\" rel=\"external nofollow\">VIII Jornadas Transfronterizas del Gurumelo<\/a><\/strong>. Como en ediciones anteriores, los visitantes podr\u00e1n apuntarse a una salida al campo, en concreto al Coto Micol\u00f3gico de la localidad, para recoger todo tipo de setas que ser\u00e1n posteriormente estudiadas en una sesi\u00f3n de clasificaci\u00f3n y exposici\u00f3n.<\/p>\n<p>&nbsp;<\/p>\n<p>&nbsp;<\/p>\n<!-- AddThis Advanced Settings generic via filter on the_content --><!-- AddThis Share Buttons generic via filter on the_content -->","protected":false},"excerpt":{"rendered":"<p>Los senderistas del club Pe\u00f1as Blancas de La Zarza han cambiado la ruta prevista para el pr\u00f3ximo domingo en Olivenza por otra en Villanueva del Fresno. Ser\u00e1n 19 kil\u00f3metros entre Alconchel y Villanueva del Fresno. Una marcha de dificultad media-baja. Despu\u00e9s de la ruta disfrutar\u00e1n de las\u00a0 actividades programadas con motivo de las\u00a0 VIII Jornadas [&hellip;]<!-- AddThis Advanced Settings generic via filter on get_the_excerpt --><!-- AddThis Share Buttons generic via filter on get_the_excerpt --><\/p>\n","protected":false},"author":27,"featured_media":0,"comment_status":"open","ping_status":"closed","sticky":false,"template":"","format":"standard","meta":[],"categories":[4],"tags":[375,836,870,1088],"_links":{"self":[{"href":"https:\/\/blogs.hoy.es\/senderosextremadura\/wp-json\/wp\/v2\/posts\/1434"}],"collection":[{"href":"https:\/\/blogs.hoy.es\/senderosextremadura\/wp-json\/wp\/v2\/posts"}],"about":[{"href":"https:\/\/blogs.hoy.es\/senderosextremadura\/wp-json\/wp\/v2\/types\/post"}],"author":[{"embeddable":true,"href":"https:\/\/blogs.hoy.es\/senderosextremadura\/wp-json\/wp\/v2\/users\/27"}],"replies":[{"embeddable":true,"href":"https:\/\/blogs.hoy.es\/senderosextremadura\/wp-json\/wp\/v2\/comments?post=1434"}],"version-history":[{"count":0,"href":"https:\/\/blogs.hoy.es\/senderosextremadura\/wp-json\/wp\/v2\/posts\/1434\/revisions"}],"wp:attachment":[{"href":"https:\/\/blogs.hoy.es\/senderosextremadura\/wp-json\/wp\/v2\/media?parent=1434"}],"wp:term":[{"taxonomy":"category","embeddable":true,"href":"https:\/\/blogs.hoy.es\/senderosextremadura\/wp-json\/wp\/v2\/categories?post=1434"},{"taxonomy":"post_tag","embeddable":true,"href":"https:\/\/blogs.hoy.es\/senderosextremadura\/wp-json\/wp\/v2\/tags?post=1434"}],"curies":[{"name":"wp","href":"https:\/\/api.w.org\/{rel}","templated":true}]}}