{"id":1443,"date":"2013-03-25T10:16:17","date_gmt":"2013-03-25T10:16:17","guid":{"rendered":"http:\/\/blogs.hoy.es\/senderosextremadura\/?p=1443"},"modified":"2013-03-25T10:16:17","modified_gmt":"2013-03-25T10:16:17","slug":"ruta-por-los-pilares-del-monte-de-salvaleon-30-de-marzo","status":"publish","type":"post","link":"https:\/\/blogs.hoy.es\/senderosextremadura\/2013\/03\/25\/ruta-por-los-pilares-del-monte-de-salvaleon-30-de-marzo\/","title":{"rendered":"Ruta por los Pilares del Monte de Salvale\u00f3n (30 de marzo)"},"content":{"rendered":"<p><strong><a href=\"https:\/\/blogs.hoy.es\/senderosextremadura\/2013\/03\/25\/ruta-por-los-pilares-del-monte-de-salvaleon-30-de-marzo\/pilares-monten\/\" rel=\"attachment wp-att-1444\"><img loading=\"lazy\" class=\"aligncenter  wp-image-1444\" title=\"Cartel de la ruta\" src=\"\/senderosextremadura\/wp-content\/uploads\/sites\/22\/2013\/03\/pilares-monten.jpg\" alt=\"\" width=\"505\" height=\"357\" srcset=\"https:\/\/static-blogs.hoy.es\/wp-content\/uploads\/sites\/22\/2013\/03\/pilares-monten.jpg 960w, https:\/\/static-blogs.hoy.es\/wp-content\/uploads\/sites\/22\/2013\/03\/pilares-monten-300x212.jpg 300w, https:\/\/static-blogs.hoy.es\/wp-content\/uploads\/sites\/22\/2013\/03\/pilares-monten-768x542.jpg 768w, https:\/\/static-blogs.hoy.es\/wp-content\/uploads\/sites\/22\/2013\/03\/pilares-monten-600x424.jpg 600w\" sizes=\"(max-width: 505px) 100vw, 505px\" \/><\/a>Senderismo Salvale\u00f3n<\/strong> organiza una ruta para el S\u00e1bado Santo, 30 de marzo, por las dehesas de la localidad.\u00a0 Los caminantes saldr\u00e1n de la Plaza de Espa\u00f1a a las nueve de la ma\u00f1ana para recorrer <strong>los Pilares del Monte<\/strong>. <!--more-->Realizar\u00e1n un recorrido de 15 kil\u00f3metros. Se prev\u00e9 que la marcha termine a las 13 horas. La dificultad es media y no se suspende por motivos meteorol\u00f3gicos. No se require inscripci\u00f3n.<\/p>\n<p>M\u00e1s informaci\u00f3n en el perfil de Facebook de <a href=\"http:\/\/www.facebook.com\/ssalvaleon\" rel=\"external nofollow\"><strong>Senderismo Salvale\u00f3n.<\/strong><\/a><\/p>\n<!-- AddThis Advanced Settings generic via filter on the_content --><!-- AddThis Share Buttons generic via filter on the_content -->","protected":false},"excerpt":{"rendered":"<p>Senderismo Salvale\u00f3n organiza una ruta para el S\u00e1bado Santo, 30 de marzo, por las dehesas de la localidad.\u00a0 Los caminantes saldr\u00e1n de la Plaza de Espa\u00f1a a las nueve de la ma\u00f1ana para recorrer los Pilares del Monte.<!-- AddThis Advanced Settings generic via filter on get_the_excerpt --><!-- AddThis Share Buttons generic via filter on get_the_excerpt --><\/p>\n","protected":false},"author":27,"featured_media":0,"comment_status":"open","ping_status":"closed","sticky":false,"template":"","format":"standard","meta":[],"categories":[4],"tags":[],"_links":{"self":[{"href":"https:\/\/blogs.hoy.es\/senderosextremadura\/wp-json\/wp\/v2\/posts\/1443"}],"collection":[{"href":"https:\/\/blogs.hoy.es\/senderosextremadura\/wp-json\/wp\/v2\/posts"}],"about":[{"href":"https:\/\/blogs.hoy.es\/senderosextremadura\/wp-json\/wp\/v2\/types\/post"}],"author":[{"embeddable":true,"href":"https:\/\/blogs.hoy.es\/senderosextremadura\/wp-json\/wp\/v2\/users\/27"}],"replies":[{"embeddable":true,"href":"https:\/\/blogs.hoy.es\/senderosextremadura\/wp-json\/wp\/v2\/comments?post=1443"}],"version-history":[{"count":0,"href":"https:\/\/blogs.hoy.es\/senderosextremadura\/wp-json\/wp\/v2\/posts\/1443\/revisions"}],"wp:attachment":[{"href":"https:\/\/blogs.hoy.es\/senderosextremadura\/wp-json\/wp\/v2\/media?parent=1443"}],"wp:term":[{"taxonomy":"category","embeddable":true,"href":"https:\/\/blogs.hoy.es\/senderosextremadura\/wp-json\/wp\/v2\/categories?post=1443"},{"taxonomy":"post_tag","embeddable":true,"href":"https:\/\/blogs.hoy.es\/senderosextremadura\/wp-json\/wp\/v2\/tags?post=1443"}],"curies":[{"name":"wp","href":"https:\/\/api.w.org\/{rel}","templated":true}]}}