{"id":1446,"date":"2013-03-26T10:12:30","date_gmt":"2013-03-26T10:12:30","guid":{"rendered":"http:\/\/blogs.hoy.es\/senderosextremadura\/?p=1446"},"modified":"2013-03-26T10:12:30","modified_gmt":"2013-03-26T10:12:30","slug":"ruta-de-la-terrona-30-de-marzo","status":"publish","type":"post","link":"https:\/\/blogs.hoy.es\/senderosextremadura\/2013\/03\/26\/ruta-de-la-terrona-30-de-marzo\/","title":{"rendered":"Ruta de la Terrona (30 de marzo)"},"content":{"rendered":"<h3><a href=\"https:\/\/blogs.hoy.es\/senderosextremadura\/2013\/03\/26\/ruta-de-la-terrona-30-de-marzo\/stories13-03-30-ruta-encina-terrona-para-exterior\/\" rel=\"attachment wp-att-1447\"><img loading=\"lazy\" class=\"aligncenter size-large wp-image-1447\" title=\"\" src=\"\/senderosextremadura\/wp-content\/uploads\/sites\/22\/2013\/03\/stories13-03-30-RUTA-ENCINA-TERRONA-PARA-EXTERIOR.jpg\" alt=\"\" width=\"600\" height=\"424\" srcset=\"https:\/\/static-blogs.hoy.es\/wp-content\/uploads\/sites\/22\/2013\/03\/stories13-03-30-RUTA-ENCINA-TERRONA-PARA-EXTERIOR.jpg 2480w, https:\/\/static-blogs.hoy.es\/wp-content\/uploads\/sites\/22\/2013\/03\/stories13-03-30-RUTA-ENCINA-TERRONA-PARA-EXTERIOR-300x212.jpg 300w, https:\/\/static-blogs.hoy.es\/wp-content\/uploads\/sites\/22\/2013\/03\/stories13-03-30-RUTA-ENCINA-TERRONA-PARA-EXTERIOR-768x543.jpg 768w, https:\/\/static-blogs.hoy.es\/wp-content\/uploads\/sites\/22\/2013\/03\/stories13-03-30-RUTA-ENCINA-TERRONA-PARA-EXTERIOR-600x424.jpg 600w\" sizes=\"(max-width: 600px) 100vw, 600px\" \/><\/a><\/h3>\n<h3>Los paisajes adehesados que guardan una joya natural de Extremadura, la encina <strong>La Terrona<\/strong>, recibir\u00e1n este s\u00e1bado a un nutrido grupo de\u00a0 senderistas de toda la regi\u00f3n, especialmente de Almohar\u00edn y de otros municipios de la comarca Sierra de Mont\u00e1nchez-Tamuja. <!--more-->La <a href=\"http:\/\/www.mancomunidadsierrademontanchez.es\/portalweb\/index.php?option=com_content&#038;task=view&#038;id=634&#038;Itemid=55\" rel=\"external nofollow\">Mancomunidad<\/a> ha organizado esta cl\u00e1sica ruta estreme\u00f1a para disfrutar de este imponente <strong><a href=\"http:\/\/www.hoy.es\/multimedia\/fotos\/ultimos\/89822-arboles-singulares-extremadura-0.html\" target=\"_blank\" rel=\"external nofollow\">\u00e1rbol singular<\/a><\/strong>\u00a0tiene nada menos que 800 a\u00f1os de historia. La caminata para admirar este singular ejemplar, considerado el mayor de su especie en Espa\u00f1a, se celebrar\u00e1 el pr\u00f3ximo s\u00e1bado 30 de marzo. De m\u00e1s de 16 metros de altura, se localiza en la finca \u201cLa Dehesa\u201d de Zarza de Mont\u00e1nchez<strong>.<\/strong><\/h3>\n<p><a href=\"http:\/\/www.mancomunidadsierrademontanchez.es\/portalweb\/index.php?option=com_content&#038;task=view&#038;id=634&#038;Itemid=55\" rel=\"external nofollow\">Toda la informaci\u00f3n de la ruta<\/a><\/p>\n<!-- AddThis Advanced Settings generic via filter on the_content --><!-- AddThis Share Buttons generic via filter on the_content -->","protected":false},"excerpt":{"rendered":"<p>Los paisajes adehesados que guardan una joya natural de Extremadura, la encina La Terrona, recibir\u00e1n este s\u00e1bado a un nutrido grupo de\u00a0 senderistas de toda la regi\u00f3n, especialmente de Almohar\u00edn y de otros municipios de la comarca Sierra de Mont\u00e1nchez-Tamuja.<!-- AddThis Advanced Settings generic via filter on get_the_excerpt --><!-- AddThis Share Buttons generic via filter on get_the_excerpt --><\/p>\n","protected":false},"author":27,"featured_media":0,"comment_status":"open","ping_status":"closed","sticky":false,"template":"","format":"standard","meta":[],"categories":[4],"tags":[86,656,750,836,906,917],"_links":{"self":[{"href":"https:\/\/blogs.hoy.es\/senderosextremadura\/wp-json\/wp\/v2\/posts\/1446"}],"collection":[{"href":"https:\/\/blogs.hoy.es\/senderosextremadura\/wp-json\/wp\/v2\/posts"}],"about":[{"href":"https:\/\/blogs.hoy.es\/senderosextremadura\/wp-json\/wp\/v2\/types\/post"}],"author":[{"embeddable":true,"href":"https:\/\/blogs.hoy.es\/senderosextremadura\/wp-json\/wp\/v2\/users\/27"}],"replies":[{"embeddable":true,"href":"https:\/\/blogs.hoy.es\/senderosextremadura\/wp-json\/wp\/v2\/comments?post=1446"}],"version-history":[{"count":0,"href":"https:\/\/blogs.hoy.es\/senderosextremadura\/wp-json\/wp\/v2\/posts\/1446\/revisions"}],"wp:attachment":[{"href":"https:\/\/blogs.hoy.es\/senderosextremadura\/wp-json\/wp\/v2\/media?parent=1446"}],"wp:term":[{"taxonomy":"category","embeddable":true,"href":"https:\/\/blogs.hoy.es\/senderosextremadura\/wp-json\/wp\/v2\/categories?post=1446"},{"taxonomy":"post_tag","embeddable":true,"href":"https:\/\/blogs.hoy.es\/senderosextremadura\/wp-json\/wp\/v2\/tags?post=1446"}],"curies":[{"name":"wp","href":"https:\/\/api.w.org\/{rel}","templated":true}]}}