{"id":1451,"date":"2013-04-01T15:31:06","date_gmt":"2013-04-01T15:31:06","guid":{"rendered":"http:\/\/blogs.hoy.es\/senderosextremadura\/?p=1451"},"modified":"2013-04-01T15:31:06","modified_gmt":"2013-04-01T15:31:06","slug":"trekking-en-coria-con-aventurate-en-la-dehesa-28-de-abril","status":"publish","type":"post","link":"https:\/\/blogs.hoy.es\/senderosextremadura\/2013\/04\/01\/trekking-en-coria-con-aventurate-en-la-dehesa-28-de-abril\/","title":{"rendered":"Trekking en Coria con &#039;Avent\u00farate en la dehesa&#039; (28 de abril)"},"content":{"rendered":"<p><a href=\"https:\/\/blogs.hoy.es\/senderosextremadura\/2013\/04\/01\/trekking-en-coria-con-aventurate-en-la-dehesa-28-de-abril\/primavera-en-la-dehesa-2013\/\" rel=\"attachment wp-att-1452\"><img loading=\"lazy\" class=\"aligncenter size-large wp-image-1452\" title=\"primavera en la dehesa 2013\" src=\"\/senderosextremadura\/wp-content\/uploads\/sites\/22\/2013\/04\/primavera-en-la-dehesa-2013.jpg\" alt=\"\" width=\"600\" height=\"468\" srcset=\"https:\/\/static-blogs.hoy.es\/wp-content\/uploads\/sites\/22\/2013\/04\/primavera-en-la-dehesa-2013.jpg 768w, https:\/\/static-blogs.hoy.es\/wp-content\/uploads\/sites\/22\/2013\/04\/primavera-en-la-dehesa-2013-300x234.jpg 300w, https:\/\/static-blogs.hoy.es\/wp-content\/uploads\/sites\/22\/2013\/04\/primavera-en-la-dehesa-2013-600x469.jpg 600w\" sizes=\"(max-width: 600px) 100vw, 600px\" \/><\/a>El 28 de abril se celebrar\u00e1 en <a href=\"www.hoycoria.es\"><strong>Coria<\/strong><\/a> el 1\u00ba TRAIL RUNNING y TREKKING<strong> &#8216;Avent\u00farate en la dehesa&#8217;<\/strong>, prueba\u00a0 que forma parte del programa \u201cPrimavera en la Dehesa\u201d patrocinado por la <a href=\"http:\/\/www.adesval.org\/\" target=\"_blank\" rel=\"external nofollow\"><strong>Asociaci\u00f3n para el Desarrollo del Valle del Alag\u00f3n (ADESVAL)<\/strong><\/a>, y que engloba una carrera a pie (running) y una ruta de senderismo (trekking) que se desarrollar\u00e1 en los parajes de la <strong>dehesa Boyal de M\u00ednguez<\/strong> (pr\u00f3xima a Coria).<\/p>\n<p>Dicho evento tendr\u00e1 lugar el domingo 28 de abril. Toda la informaci\u00f3n e inscripciones est\u00e1n disponibles en <strong><a href=\"http:\/\/deportescoria.blogspot.com\" target=\"_blank\" rel=\"external nofollow\">http:\/\/deportescoria.blogspot.com<\/a><\/strong>. Para los interesados en inscribirse en el running pueden hacerlo en la secci\u00f3n de atletismo, y para los interesados en el trekking, en la secci\u00f3n de senderismo.<\/p>\n<p>Adem\u00e1s, como complemento a esta prueba el s\u00e1bado 27 de abril, se llevar\u00e1 a cabo unas JORNADAS para dar a conocer uno de los biotopos m\u00e1s interesantes y exclusivos de Extremadura como es la DEHESA, y poner en valor la Dehesa Boyal de M\u00ednguez, cargo de \u00c1ngel Rodr\u00edguez Mart\u00edn, Director del P.N. de Monfrag\u00fce.<\/p>\n<!-- AddThis Advanced Settings generic via filter on the_content --><!-- AddThis Share Buttons generic via filter on the_content -->","protected":false},"excerpt":{"rendered":"<p>El 28 de abril se celebrar\u00e1 en Coria el 1\u00ba TRAIL RUNNING y TREKKING &#8216;Avent\u00farate en la dehesa&#8217;, prueba\u00a0 que forma parte del programa \u201cPrimavera en la Dehesa\u201d patrocinado por la Asociaci\u00f3n para el Desarrollo del Valle del Alag\u00f3n (ADESVAL), y que engloba una carrera a pie (running) y una ruta de senderismo (trekking) que [&hellip;]<!-- AddThis Advanced Settings generic via filter on get_the_excerpt --><!-- AddThis Share Buttons generic via filter on get_the_excerpt --><\/p>\n","protected":false},"author":27,"featured_media":0,"comment_status":"open","ping_status":"closed","sticky":false,"template":"","format":"standard","meta":[],"categories":[4],"tags":[239,713,836,906,1035],"_links":{"self":[{"href":"https:\/\/blogs.hoy.es\/senderosextremadura\/wp-json\/wp\/v2\/posts\/1451"}],"collection":[{"href":"https:\/\/blogs.hoy.es\/senderosextremadura\/wp-json\/wp\/v2\/posts"}],"about":[{"href":"https:\/\/blogs.hoy.es\/senderosextremadura\/wp-json\/wp\/v2\/types\/post"}],"author":[{"embeddable":true,"href":"https:\/\/blogs.hoy.es\/senderosextremadura\/wp-json\/wp\/v2\/users\/27"}],"replies":[{"embeddable":true,"href":"https:\/\/blogs.hoy.es\/senderosextremadura\/wp-json\/wp\/v2\/comments?post=1451"}],"version-history":[{"count":0,"href":"https:\/\/blogs.hoy.es\/senderosextremadura\/wp-json\/wp\/v2\/posts\/1451\/revisions"}],"wp:attachment":[{"href":"https:\/\/blogs.hoy.es\/senderosextremadura\/wp-json\/wp\/v2\/media?parent=1451"}],"wp:term":[{"taxonomy":"category","embeddable":true,"href":"https:\/\/blogs.hoy.es\/senderosextremadura\/wp-json\/wp\/v2\/categories?post=1451"},{"taxonomy":"post_tag","embeddable":true,"href":"https:\/\/blogs.hoy.es\/senderosextremadura\/wp-json\/wp\/v2\/tags?post=1451"}],"curies":[{"name":"wp","href":"https:\/\/api.w.org\/{rel}","templated":true}]}}