{"id":1454,"date":"2013-04-14T16:10:57","date_gmt":"2013-04-14T16:10:57","guid":{"rendered":"http:\/\/blogs.hoy.es\/senderosextremadura\/?p=1454"},"modified":"2013-04-14T16:10:57","modified_gmt":"2013-04-14T16:10:57","slug":"iii-ruta-de-alfonso-onceno-21-de-abril","status":"publish","type":"post","link":"https:\/\/blogs.hoy.es\/senderosextremadura\/2013\/04\/14\/iii-ruta-de-alfonso-onceno-21-de-abril\/","title":{"rendered":"III Ruta de Alfonso Onceno (21 de abril)"},"content":{"rendered":"<p><a href=\"https:\/\/blogs.hoy.es\/senderosextremadura\/2013\/04\/14\/iii-ruta-de-alfonso-onceno-21-de-abril\/onceno5\/\" rel=\"attachment wp-att-1456\"><img loading=\"lazy\" class=\"alignright  wp-image-1456\" title=\"\" src=\"\/senderosextremadura\/wp-content\/uploads\/sites\/22\/2013\/04\/onceno5.jpg\" alt=\"\" width=\"379\" height=\"569\" srcset=\"https:\/\/static-blogs.hoy.es\/wp-content\/uploads\/sites\/22\/2013\/04\/onceno5.jpg 400w, https:\/\/static-blogs.hoy.es\/wp-content\/uploads\/sites\/22\/2013\/04\/onceno5-200x300.jpg 200w\" sizes=\"(max-width: 379px) 100vw, 379px\" \/><\/a>La III Ruta de Alfonso Onceno se celebrar\u00e1 este a\u00f1o el 21 de abril, dentro del Circuito de Rutas Senderistas de Extremadura 2013.\u00a0 La ruta de 16,5 kil\u00f3metros unir\u00e1 las localidades de Navezuelas y Guadalupe.<\/p>\n<p>Por el camino de Alfonso Onceno, que debe su nombre al rey Alfonso XI, que frecuentaba estos parajes para la caza del oso; acced\u00edan al monasterio de Guadalupe muchos de los romeros que aqu\u00ed acud\u00edan. Se trata de un camino de herradura que atraviesa el valle del r\u00edo Viejas con sus huertos y majadas de pintoresca arquitectura popular. De Navezuelas se sale en direcci\u00f3n al Collado de la Pariera bajando despu\u00e9s al Valle del r\u00edo Viejas donde cruzaremos un peque\u00f1o puente de madera y ascenderemos hasta el Cerro de la Arena, desde donde nos acercaremos al Pozo de la Nieve. Bajaremos por Ballesteros por la\u00a0 falda oriental del Risco la Villuerca, llegaremos a la entrada de la finca que enlaza con la carretera militar hasta la ermita del Humilladero. Por el margen derecho de la carretera (Ex -118), tomando el camino de la antigua ca\u00f1er\u00eda que abastec\u00eda de agua a la Puebla, bajaremos hacia la hacia \u00e9sta, donde llegaremos por el barrio de San Jos\u00e9 Obrero donde nos podremos refrescar en su fuente antes de llegar al Monasterio.<\/p>\n<p>Durante toda la ruta pasaremos por parajes abruptos, variados, entre robles, casta\u00f1os, pinos, alcornoques, cerezos\u2026, donde despertar\u00e1n sensaciones y emociones, adem\u00e1s de la belleza paisaj\u00edstica, alternando con la historia, la cultura y el arte, todo ello en el Geoparque Villuercas-Ibores-Jara.<br \/>\nRuta caracterizada a la llegada a Guadalupe.<\/p>\n<p><a title=\"Ficha t\u00e9cnica\" href=\"http:\/\/maragatosvilluercas.files.wordpress.com\/2013\/03\/ficha-de-alfonso-onceno-imagen.jpg\" target=\"_blank\" rel=\"external nofollow\">Ficha t\u00e9cnica<\/a><\/p>\n<p><a href=\"https:\/\/docs.google.com\/forms\/d\/15P61yPyicfaDF4HNvHCu0SyqJQzAtqHS_hK4vE8VqrM\/viewform\" target=\"_blank\">Inscripciones<\/a><\/p>\n<!-- AddThis Advanced Settings generic via filter on the_content --><!-- AddThis Share Buttons generic via filter on the_content -->","protected":false},"excerpt":{"rendered":"<p>La III Ruta de Alfonso Onceno se celebrar\u00e1 este a\u00f1o el 21 de abril, dentro del Circuito de Rutas Senderistas de Extremadura 2013.\u00a0 La ruta de 16,5 kil\u00f3metros unir\u00e1 las localidades de Navezuelas y Guadalupe. Por el camino de Alfonso Onceno, que debe su nombre al rey Alfonso XI, que frecuentaba estos parajes para la [&hellip;]<!-- AddThis Advanced Settings generic via filter on get_the_excerpt --><!-- AddThis Share Buttons generic via filter on get_the_excerpt --><\/p>\n","protected":false},"author":27,"featured_media":0,"comment_status":"open","ping_status":"closed","sticky":false,"template":"","format":"standard","meta":[],"categories":[4],"tags":[],"_links":{"self":[{"href":"https:\/\/blogs.hoy.es\/senderosextremadura\/wp-json\/wp\/v2\/posts\/1454"}],"collection":[{"href":"https:\/\/blogs.hoy.es\/senderosextremadura\/wp-json\/wp\/v2\/posts"}],"about":[{"href":"https:\/\/blogs.hoy.es\/senderosextremadura\/wp-json\/wp\/v2\/types\/post"}],"author":[{"embeddable":true,"href":"https:\/\/blogs.hoy.es\/senderosextremadura\/wp-json\/wp\/v2\/users\/27"}],"replies":[{"embeddable":true,"href":"https:\/\/blogs.hoy.es\/senderosextremadura\/wp-json\/wp\/v2\/comments?post=1454"}],"version-history":[{"count":0,"href":"https:\/\/blogs.hoy.es\/senderosextremadura\/wp-json\/wp\/v2\/posts\/1454\/revisions"}],"wp:attachment":[{"href":"https:\/\/blogs.hoy.es\/senderosextremadura\/wp-json\/wp\/v2\/media?parent=1454"}],"wp:term":[{"taxonomy":"category","embeddable":true,"href":"https:\/\/blogs.hoy.es\/senderosextremadura\/wp-json\/wp\/v2\/categories?post=1454"},{"taxonomy":"post_tag","embeddable":true,"href":"https:\/\/blogs.hoy.es\/senderosextremadura\/wp-json\/wp\/v2\/tags?post=1454"}],"curies":[{"name":"wp","href":"https:\/\/api.w.org\/{rel}","templated":true}]}}