{"id":1457,"date":"2013-04-02T17:22:55","date_gmt":"2013-04-02T17:22:55","guid":{"rendered":"http:\/\/blogs.hoy.es\/senderosextremadura\/?p=1457"},"modified":"2013-04-02T17:22:55","modified_gmt":"2013-04-02T17:22:55","slug":"ruta-a-la-basilica-paleocristiana-casa-herrera-7-de-abril","status":"publish","type":"post","link":"https:\/\/blogs.hoy.es\/senderosextremadura\/2013\/04\/02\/ruta-a-la-basilica-paleocristiana-casa-herrera-7-de-abril\/","title":{"rendered":"Ruta a la bas\u00edlica paleocristiana Casa Herrera (7 de abril)"},"content":{"rendered":"<div id=\"attachment_1458\" style=\"width: 560px\" class=\"wp-caption aligncenter\"><a href=\"https:\/\/blogs.hoy.es\/senderosextremadura\/2013\/04\/02\/ruta-a-la-basilica-paleocristiana-casa-herrera-7-de-abril\/casa-herrera\/\" rel=\"attachment wp-att-1458\"><img aria-describedby=\"caption-attachment-1458\" loading=\"lazy\" class=\"size-full wp-image-1458\" title=\"Bas\u00edlica de Casa Herrera\" src=\"\/senderosextremadura\/wp-content\/uploads\/sites\/22\/2013\/04\/casa-herrera.jpg\" alt=\"Bas\u00edlica de Casa Herrera\" width=\"550\" height=\"412\" srcset=\"https:\/\/static-blogs.hoy.es\/wp-content\/uploads\/sites\/22\/2013\/04\/casa-herrera.jpg 550w, https:\/\/static-blogs.hoy.es\/wp-content\/uploads\/sites\/22\/2013\/04\/casa-herrera-300x225.jpg 300w\" sizes=\"(max-width: 550px) 100vw, 550px\" \/><\/a><p id=\"caption-attachment-1458\" class=\"wp-caption-text\">Bas\u00edlica de Casa Herrera<\/p><\/div>\n<p>Al igual que el pasado a\u00f1o, y animados por la buena agocida, los <a href=\"http:\/\/www.feam.es\/\" target=\"_blank\" rel=\"external nofollow\"><strong>Amigos del Museo Nacional de Arte Romano<\/strong><\/a> y los <a href=\"http:\/\/www.consorciomerida.org\/mecenas\" target=\"_blank\" rel=\"external nofollow\"><strong>Socios del Programa Mecenas<\/strong>,<\/a> nos invitan a repetir la actividad que tendr\u00e1 lugar el pr\u00f3ximo <strong>domingo 7 de abril.<\/strong><\/p>\n<p>Se trata de la <strong>ruta senderista a la bas\u00edlica paleocristiana<\/strong> de Casa Herrera (M\u00e9rida), que culmina con la celebraci\u00f3n de la <strong>misa \u201c<em>Domenica in albis<\/em>\u201d<\/strong> oficiada por el sacerdote y escritor Jes\u00fas S\u00e1nchez Adalid, junto a la actuaci\u00f3n de La Capilla Gregoriana del Stmo. Cristo del Calvario, dirigida por Jos\u00e9 Miguel Gal\u00e1n, que como en anteriores ocasiones pondr\u00e1n todo su saber en esta colaboraci\u00f3n.<\/p>\n<p><strong>Programa de la actividad<\/strong>:<\/p>\n<p>&#8211;\u00a0\u00a0\u00a0\u00a0\u00a0\u00a0 Salida a las 9,30 del parque de San Juan, paralelo al r\u00edo Albarregas, para todos aquellos que quieran realizar la ruta senderista.<\/p>\n<p>&#8211;\u00a0\u00a0\u00a0\u00a0\u00a0\u00a0 Para la ceremonia religiosa proponemos llevar una prenda blanca, t\u00fanica, camisa, camiseta\u2026 para celebrar esta <strong>\u201c<em>Domenica in albis<\/em>\u201d.<\/strong> Con este nombre se conoc\u00eda en \u00e9poca visigoda la celebraci\u00f3n del octavo de Pascua. En realidad es \u00ab<em>in albis vestibus depositis<\/em>\u00bb, es decir, cuando los ne\u00f3fitos (los que hab\u00edan sido bautizados en la Vigilia Pascual) asist\u00edan dicho Domingo a la celebraci\u00f3n de la Santa Misa, habiendo ya depuesto (en las v\u00edsperas del s\u00e1bado de la Octava) sus albas o vestiduras blancas, recibidas aquella noche donde renacieron a la vida eterna y que hab\u00edan vestido durante toda la Octava.<\/p>\n<p>&#8211;\u00a0\u00a0\u00a0\u00a0\u00a0\u00a0\u00a0 La Misa dar\u00e1 inicio a las 11h, con una duraci\u00f3n aproximada de una hora,\u00a0 acompa\u00f1ada por los c\u00e1nticos lit\u00fargicos de La Capilla Gregoriana.<\/p>\n<p>&#8211;\u00a0\u00a0\u00a0\u00a0\u00a0\u00a0\u00a0 Tras el oficio tomaremos un tentempi\u00e9 que correr\u00e1 por cuenta de los asistentes.<\/p>\n<p>Adelantamos tambi\u00e9n la actividad que se desarrollar\u00e1 el s\u00e1bado 20 de abril y que tendr\u00e1 como destino el espacio natural protegido denominado <strong><span style=\"text-decoration: underline;\"><a href=\"http:\/\/www.fuentesdeleon.es\/cuevas.html\" target=\"_blank\" rel=\"external nofollow\">Monumento Natural Cuevas de Fuentes de Le\u00f3n<\/a><\/span><\/strong><span style=\"text-decoration: underline;\">,<\/span> donde visitaremos guiados por t\u00e9cnicos las cuevas de <strong>Los Postes, Los Caballos y la Cueva Masero<\/strong><a href=\"http:\/\/www.youtube.com\/watch?v=-nRHwVeFcVw\" target=\"_blank\" rel=\"external nofollow\"><strong>.<\/strong><\/a>Tras la visita realizaremos la ascensi\u00f3n al <strong>Castillo del Cuerno <\/strong>de esta localidad, donde pararemos para comer en este entorno de gran belleza paisaj\u00edstica. Como la ascensi\u00f3n al castillo presenta alguna dificultad (7% de desnivel), los que quieran podr\u00e1n escoger entre subir o quedarse a almorzar en los merenderos preparados al efecto tras la visita a las cuevas. Recomendamos lleven bocadillos, tartera, alguna pieza de fruta y algo para beber. Los interesados en la actividad deben ingresar 12 \u20ac en la Cuenta de Caja Badajoz n.\u00ba 2010-0011-01-0504258804, en el plazo que transcurre desde el 4 al 17 de abril inclusive, hasta cubrir las plazas ofertadas (55).<\/p>\n<p>La salida de M\u00e9rida ser\u00e1 a las 8:00 de la ma\u00f1ana de las traseras del Teatro romano, puerta de la piscina climatizada de la Argentina, y el regreso sobre las 18:00 horas, para estar en M\u00e9rida a las 20:00. Se recomienda llevar botas de monta\u00f1a y ropa de muda por si el tiempo amenaza lluvia.<\/p>\n<!-- AddThis Advanced Settings generic via filter on the_content --><!-- AddThis Share Buttons generic via filter on the_content -->","protected":false},"excerpt":{"rendered":"<p>Al igual que el pasado a\u00f1o, y animados por la buena agocida, los Amigos del Museo Nacional de Arte Romano y los Socios del Programa Mecenas, nos invitan a repetir la actividad que tendr\u00e1 lugar el pr\u00f3ximo domingo 7 de abril. Se trata de la ruta senderista a la bas\u00edlica paleocristiana de Casa Herrera (M\u00e9rida), [&hellip;]<!-- AddThis Advanced Settings generic via filter on get_the_excerpt --><!-- AddThis Share Buttons generic via filter on get_the_excerpt --><\/p>\n","protected":false},"author":27,"featured_media":0,"comment_status":"open","ping_status":"closed","sticky":false,"template":"","format":"standard","meta":[],"categories":[4],"tags":[860,906,917,944,1042],"_links":{"self":[{"href":"https:\/\/blogs.hoy.es\/senderosextremadura\/wp-json\/wp\/v2\/posts\/1457"}],"collection":[{"href":"https:\/\/blogs.hoy.es\/senderosextremadura\/wp-json\/wp\/v2\/posts"}],"about":[{"href":"https:\/\/blogs.hoy.es\/senderosextremadura\/wp-json\/wp\/v2\/types\/post"}],"author":[{"embeddable":true,"href":"https:\/\/blogs.hoy.es\/senderosextremadura\/wp-json\/wp\/v2\/users\/27"}],"replies":[{"embeddable":true,"href":"https:\/\/blogs.hoy.es\/senderosextremadura\/wp-json\/wp\/v2\/comments?post=1457"}],"version-history":[{"count":0,"href":"https:\/\/blogs.hoy.es\/senderosextremadura\/wp-json\/wp\/v2\/posts\/1457\/revisions"}],"wp:attachment":[{"href":"https:\/\/blogs.hoy.es\/senderosextremadura\/wp-json\/wp\/v2\/media?parent=1457"}],"wp:term":[{"taxonomy":"category","embeddable":true,"href":"https:\/\/blogs.hoy.es\/senderosextremadura\/wp-json\/wp\/v2\/categories?post=1457"},{"taxonomy":"post_tag","embeddable":true,"href":"https:\/\/blogs.hoy.es\/senderosextremadura\/wp-json\/wp\/v2\/tags?post=1457"}],"curies":[{"name":"wp","href":"https:\/\/api.w.org\/{rel}","templated":true}]}}