{"id":1460,"date":"2013-04-15T08:42:08","date_gmt":"2013-04-15T08:42:08","guid":{"rendered":"http:\/\/blogs.hoy.es\/senderosextremadura\/?p=1460"},"modified":"2013-04-15T08:42:08","modified_gmt":"2013-04-15T08:42:08","slug":"adenex-invita-a-los-jovenes-a-recorrer-monfrague-4-y-5-de-abril","status":"publish","type":"post","link":"https:\/\/blogs.hoy.es\/senderosextremadura\/2013\/04\/15\/adenex-invita-a-los-jovenes-a-recorrer-monfrague-4-y-5-de-abril\/","title":{"rendered":"Adenex invita a los j\u00f3venes a recorrer Monfrag\u00fce (4 y 5 de mayo)"},"content":{"rendered":"<p>Si eres joven y te interesa por el medio ambiente, Adenex ha programado un encuentro que incluye rutas por Monfrag\u00fce. La cita tendr\u00e1 lugar los d\u00edas 4 y 5 de mayo en Villarreal de San Carlos.<\/p>\n<p><a href=\"https:\/\/blogs.hoy.es\/senderosextremadura\/2013\/04\/15\/adenex-invita-a-los-jovenes-a-recorrer-monfrague-4-y-5-de-abril\/adenex-rutas\/\" rel=\"attachment wp-att-1461\"><img loading=\"lazy\" class=\"aligncenter size-large wp-image-1461\" title=\"adenex-rutas\" src=\"\/senderosextremadura\/wp-content\/uploads\/sites\/22\/2013\/04\/adenex-rutas.jpg\" alt=\"\" width=\"600\" height=\"400\" srcset=\"https:\/\/static-blogs.hoy.es\/wp-content\/uploads\/sites\/22\/2013\/04\/adenex-rutas.jpg 960w, https:\/\/static-blogs.hoy.es\/wp-content\/uploads\/sites\/22\/2013\/04\/adenex-rutas-300x200.jpg 300w, https:\/\/static-blogs.hoy.es\/wp-content\/uploads\/sites\/22\/2013\/04\/adenex-rutas-768x512.jpg 768w, https:\/\/static-blogs.hoy.es\/wp-content\/uploads\/sites\/22\/2013\/04\/adenex-rutas-600x400.jpg 600w\" sizes=\"(max-width: 600px) 100vw, 600px\" \/><\/a><\/p>\n<!-- AddThis Advanced Settings generic via filter on the_content --><!-- AddThis Share Buttons generic via filter on the_content -->","protected":false},"excerpt":{"rendered":"<p>Si eres joven y te interesa por el medio ambiente, Adenex ha programado un encuentro que incluye rutas por Monfrag\u00fce. La cita tendr\u00e1 lugar los d\u00edas 4 y 5 de mayo en Villarreal de San Carlos.<!-- AddThis Advanced Settings generic via filter on get_the_excerpt --><!-- AddThis Share Buttons generic via filter on get_the_excerpt --><\/p>\n","protected":false},"author":27,"featured_media":0,"comment_status":"open","ping_status":"closed","sticky":false,"template":"","format":"standard","meta":[],"categories":[4],"tags":[],"_links":{"self":[{"href":"https:\/\/blogs.hoy.es\/senderosextremadura\/wp-json\/wp\/v2\/posts\/1460"}],"collection":[{"href":"https:\/\/blogs.hoy.es\/senderosextremadura\/wp-json\/wp\/v2\/posts"}],"about":[{"href":"https:\/\/blogs.hoy.es\/senderosextremadura\/wp-json\/wp\/v2\/types\/post"}],"author":[{"embeddable":true,"href":"https:\/\/blogs.hoy.es\/senderosextremadura\/wp-json\/wp\/v2\/users\/27"}],"replies":[{"embeddable":true,"href":"https:\/\/blogs.hoy.es\/senderosextremadura\/wp-json\/wp\/v2\/comments?post=1460"}],"version-history":[{"count":0,"href":"https:\/\/blogs.hoy.es\/senderosextremadura\/wp-json\/wp\/v2\/posts\/1460\/revisions"}],"wp:attachment":[{"href":"https:\/\/blogs.hoy.es\/senderosextremadura\/wp-json\/wp\/v2\/media?parent=1460"}],"wp:term":[{"taxonomy":"category","embeddable":true,"href":"https:\/\/blogs.hoy.es\/senderosextremadura\/wp-json\/wp\/v2\/categories?post=1460"},{"taxonomy":"post_tag","embeddable":true,"href":"https:\/\/blogs.hoy.es\/senderosextremadura\/wp-json\/wp\/v2\/tags?post=1460"}],"curies":[{"name":"wp","href":"https:\/\/api.w.org\/{rel}","templated":true}]}}