{"id":1479,"date":"2013-04-14T07:31:48","date_gmt":"2013-04-14T07:31:48","guid":{"rendered":"http:\/\/blogs.hoy.es\/senderosextremadura\/?p=1479"},"modified":"2013-04-14T07:31:48","modified_gmt":"2013-04-14T07:31:48","slug":"de-puerto-roque-a-castelo-de-vide-20-de-abril","status":"publish","type":"post","link":"https:\/\/blogs.hoy.es\/senderosextremadura\/2013\/04\/14\/de-puerto-roque-a-castelo-de-vide-20-de-abril\/","title":{"rendered":"De Puerto Roque a Castelo de Vide (20 de abril)"},"content":{"rendered":"<p><a href=\"montanerosmonfrague.es\/\" target=\"_blank\"><strong>Monta\u00f1eros de Monfrag\u00fce<\/strong><\/a> se desplaza hasta la sierra portuguesa de San Mamede. El 20 de abril realizar\u00e1n una ruta de Puerto Roque a Castelo de Vide.<\/p>\n<p>Itinerario de la actividad: Puerto Roque- Monte de Baixo- Ponte Velha- Monte Souto- Fonte Concelho- Marvao- Fonte do Carvalho- Vale do Rodam- Senhora dos Remedios- Castelo de Vide. En total recorrer\u00e1n unos 22 Kil\u00f3metros.<br \/>\nComo siempre, los participantes saldr\u00e1n a las ocho de la ma\u00f1ana desde el aparcamiento de autobuses plaza Obispo Galarza (C\u00e1ceres).<br \/>\nObservaciones: Llevar protecci\u00f3n solar y algo de ropa de abrigo. Siempre existe la posibilidad de acortar el recorrido terminando en Marvao (aproximadamente 12 Kil\u00f3metros).<\/p>\n<p>&nbsp;<\/p>\n<p>&nbsp;<\/p>\n<p><span style=\"font-size: small;\"><small>monmonfra@gmail.com <\/small><\/span><\/p>\n<p><small>927 21 12 13<\/small><\/p>\n<!-- AddThis Advanced Settings generic via filter on the_content --><!-- AddThis Share Buttons generic via filter on the_content -->","protected":false},"excerpt":{"rendered":"<p>Monta\u00f1eros de Monfrag\u00fce se desplaza hasta la sierra portuguesa de San Mamede. El 20 de abril realizar\u00e1n una ruta de Puerto Roque a Castelo de Vide. Itinerario de la actividad: Puerto Roque- Monte de Baixo- Ponte Velha- Monte Souto- Fonte Concelho- Marvao- Fonte do Carvalho- Vale do Rodam- Senhora dos Remedios- Castelo de Vide. En [&hellip;]<!-- AddThis Advanced Settings generic via filter on get_the_excerpt --><!-- AddThis Share Buttons generic via filter on get_the_excerpt --><\/p>\n","protected":false},"author":27,"featured_media":0,"comment_status":"open","ping_status":"closed","sticky":false,"template":"","format":"standard","meta":[],"categories":[4],"tags":[],"_links":{"self":[{"href":"https:\/\/blogs.hoy.es\/senderosextremadura\/wp-json\/wp\/v2\/posts\/1479"}],"collection":[{"href":"https:\/\/blogs.hoy.es\/senderosextremadura\/wp-json\/wp\/v2\/posts"}],"about":[{"href":"https:\/\/blogs.hoy.es\/senderosextremadura\/wp-json\/wp\/v2\/types\/post"}],"author":[{"embeddable":true,"href":"https:\/\/blogs.hoy.es\/senderosextremadura\/wp-json\/wp\/v2\/users\/27"}],"replies":[{"embeddable":true,"href":"https:\/\/blogs.hoy.es\/senderosextremadura\/wp-json\/wp\/v2\/comments?post=1479"}],"version-history":[{"count":0,"href":"https:\/\/blogs.hoy.es\/senderosextremadura\/wp-json\/wp\/v2\/posts\/1479\/revisions"}],"wp:attachment":[{"href":"https:\/\/blogs.hoy.es\/senderosextremadura\/wp-json\/wp\/v2\/media?parent=1479"}],"wp:term":[{"taxonomy":"category","embeddable":true,"href":"https:\/\/blogs.hoy.es\/senderosextremadura\/wp-json\/wp\/v2\/categories?post=1479"},{"taxonomy":"post_tag","embeddable":true,"href":"https:\/\/blogs.hoy.es\/senderosextremadura\/wp-json\/wp\/v2\/tags?post=1479"}],"curies":[{"name":"wp","href":"https:\/\/api.w.org\/{rel}","templated":true}]}}