{"id":1484,"date":"2013-04-08T11:07:55","date_gmt":"2013-04-08T11:07:55","guid":{"rendered":"http:\/\/blogs.hoy.es\/senderosextremadura\/?p=1484"},"modified":"2013-04-08T11:07:55","modified_gmt":"2013-04-08T11:07:55","slug":"ruta-de-los-molinos-por-la-sierra-de-montanchez-14-de-abril","status":"publish","type":"post","link":"https:\/\/blogs.hoy.es\/senderosextremadura\/2013\/04\/08\/ruta-de-los-molinos-por-la-sierra-de-montanchez-14-de-abril\/","title":{"rendered":"Ruta de los Molinos por la Sierra de Mont\u00e1nchez (14 de abril)"},"content":{"rendered":"<p><strong><a href=\"https:\/\/blogs.hoy.es\/senderosextremadura\/2013\/04\/08\/ruta-de-los-molinos-por-la-sierra-de-montanchez-14-de-abril\/156834_10151443984573163_767050724_n\/\" rel=\"attachment wp-att-1485\"><img loading=\"lazy\" class=\"aligncenter size-full wp-image-1485\" title=\"\" src=\"\/senderosextremadura\/wp-content\/uploads\/sites\/22\/2013\/04\/156834_10151443984573163_767050724_n.jpg\" alt=\"\" width=\"285\" height=\"206\" \/><\/a><\/strong><\/p>\n<p><strong><a href=\"http:\/\/www.zonaexplorer.com\/\" target=\"_blank\" rel=\"external nofollow\">Explorer<\/a><\/strong> realizar\u00e1 el pr\u00f3ximo 14 de abril la <strong>Ruta de los Molinos, por la Sierra de Mont\u00e1nchez<\/strong>. \u00a0Se trata de una bonita marcha que arranca en la localidad cacere\u00f1a de <strong>Arroyomolinos de Mont\u00e1nchez<\/strong>, en la que se puede visitar m\u00e1s de una treintena de molinos harineros, pudiendo contemplar tambi\u00e9n lugares tan pintorescos como la piedra del dedo me\u00f1ique, un precioso bosque de casta\u00f1os o la localidad de Mont\u00e1nchez.<\/p>\n<p><!--more--><br \/>\nINSCRIPCI\u00d3N ONLINE:<br \/>\n<a href=\"http:\/\/www.reunalia.com\/v03\/inscripciones\/inscripcion_paso1.aspx?Evento=AF9AB7B4C2856AE8&#038;if=1\" target=\"_blank\" rel=\"external nofollow\">http:\/\/www.reunalia.com\/<wbr>v03\/inscripciones\/<wbr>inscripcion_paso1.aspx?Even<wbr>to=AF9AB7B4C2856AE8&#038;if=1<\/wbr><\/wbr><\/wbr><\/a><\/p>\n<p>SALIDA:<br \/>\n08,30h desde Badajoz (Aparcamientos de Iglesia San Jos\u00e9)<br \/>\n09,20h desdde M\u00e9rida (Estaci\u00f3n de Servicio REPSOL, A5 &#8211; Km 341)<\/p>\n<p>REGRESO:<br \/>\n17,00h desde Mont\u00e1nchez (C\u00e1ceres)<\/p>\n<p>RECORRIDO: 16,50 Km<br \/>\nDIFICULTAD: Media &#8211; Baja<br \/>\nDESNIVEL (+): 541 m<\/p>\n<p>CUOTA: 20 euros<br \/>\nINCLUYE: Traslados Ida \/ Vuelta, Guia titulado, Seguros.<\/p>\n<!-- AddThis Advanced Settings generic via filter on the_content --><!-- AddThis Share Buttons generic via filter on the_content -->","protected":false},"excerpt":{"rendered":"<p>Explorer realizar\u00e1 el pr\u00f3ximo 14 de abril la Ruta de los Molinos, por la Sierra de Mont\u00e1nchez. \u00a0Se trata de una bonita marcha que arranca en la localidad cacere\u00f1a de Arroyomolinos de Mont\u00e1nchez, en la que se puede visitar m\u00e1s de una treintena de molinos harineros, pudiendo contemplar tambi\u00e9n lugares tan pintorescos como la piedra [&hellip;]<!-- AddThis Advanced Settings generic via filter on get_the_excerpt --><!-- AddThis Share Buttons generic via filter on get_the_excerpt --><\/p>\n","protected":false},"author":27,"featured_media":0,"comment_status":"open","ping_status":"closed","sticky":false,"template":"","format":"standard","meta":[],"categories":[4],"tags":[299,522,821,836,917],"_links":{"self":[{"href":"https:\/\/blogs.hoy.es\/senderosextremadura\/wp-json\/wp\/v2\/posts\/1484"}],"collection":[{"href":"https:\/\/blogs.hoy.es\/senderosextremadura\/wp-json\/wp\/v2\/posts"}],"about":[{"href":"https:\/\/blogs.hoy.es\/senderosextremadura\/wp-json\/wp\/v2\/types\/post"}],"author":[{"embeddable":true,"href":"https:\/\/blogs.hoy.es\/senderosextremadura\/wp-json\/wp\/v2\/users\/27"}],"replies":[{"embeddable":true,"href":"https:\/\/blogs.hoy.es\/senderosextremadura\/wp-json\/wp\/v2\/comments?post=1484"}],"version-history":[{"count":0,"href":"https:\/\/blogs.hoy.es\/senderosextremadura\/wp-json\/wp\/v2\/posts\/1484\/revisions"}],"wp:attachment":[{"href":"https:\/\/blogs.hoy.es\/senderosextremadura\/wp-json\/wp\/v2\/media?parent=1484"}],"wp:term":[{"taxonomy":"category","embeddable":true,"href":"https:\/\/blogs.hoy.es\/senderosextremadura\/wp-json\/wp\/v2\/categories?post=1484"},{"taxonomy":"post_tag","embeddable":true,"href":"https:\/\/blogs.hoy.es\/senderosextremadura\/wp-json\/wp\/v2\/tags?post=1484"}],"curies":[{"name":"wp","href":"https:\/\/api.w.org\/{rel}","templated":true}]}}