{"id":1510,"date":"2013-04-14T09:09:19","date_gmt":"2013-04-14T09:09:19","guid":{"rendered":"http:\/\/blogs.hoy.es\/senderosextremadura\/?p=1510"},"modified":"2013-04-14T09:09:19","modified_gmt":"2013-04-14T09:09:19","slug":"la-ruta-del-jamon-y-la-dehesa-de-fregenal-tendra-un-fin-solidario-21-de-abril","status":"publish","type":"post","link":"https:\/\/blogs.hoy.es\/senderosextremadura\/2013\/04\/14\/la-ruta-del-jamon-y-la-dehesa-de-fregenal-tendra-un-fin-solidario-21-de-abril\/","title":{"rendered":"La Ruta del Jam\u00f3n y la Dehesa de Fregenal tendr\u00e1 un fin solidario (21 de abril)"},"content":{"rendered":"<p><strong><a href=\"https:\/\/blogs.hoy.es\/senderosextremadura\/2013\/04\/14\/la-ruta-del-jamon-y-la-dehesa-de-fregenal-tendra-un-fin-solidario-21-de-abril\/cartel-v-ruta-del-jamon-y-la-dehesa-fregenal-de-la-sierra-vivir-extremadura\/\" rel=\"attachment wp-att-1512\"><img loading=\"lazy\" class=\"aligncenter size-full wp-image-1512\" title=\"cartel-V-ruta-del-jam\u00f3n-y-la-dehesa-Fregenal-de-la-Sierra-Vivir-Extremadura\" src=\"\/senderosextremadura\/wp-content\/uploads\/sites\/22\/2013\/04\/cartel-V-ruta-del-jam\u00f3n-y-la-dehesa-Fregenal-de-la-Sierra-Vivir-Extremadura.jpg\" alt=\"\" width=\"600\" height=\"400\" srcset=\"https:\/\/static-blogs.hoy.es\/wp-content\/uploads\/sites\/22\/2013\/04\/cartel-V-ruta-del-jam\u00f3n-y-la-dehesa-Fregenal-de-la-Sierra-Vivir-Extremadura.jpg 600w, https:\/\/static-blogs.hoy.es\/wp-content\/uploads\/sites\/22\/2013\/04\/cartel-V-ruta-del-jam\u00f3n-y-la-dehesa-Fregenal-de-la-Sierra-Vivir-Extremadura-300x200.jpg 300w\" sizes=\"(max-width: 600px) 100vw, 600px\" \/><\/a><\/strong><\/p>\n<p><strong><a href=\"www.hoyfregenal.es\">\u00a0<\/a><a title=\"Fregenal de la Sierra\" href=\"http:\/\/www.vivirextremadura.es\/fregenal-de-la-sierra-te-da-la-vida\/\" target=\"_blank\" rel=\"external nofollow\">Fregenal de la Sierra<\/a><\/strong> celebrar\u00e1 el 21 de abril la <strong>V edici\u00f3n de la Ruta del Jam\u00f3n y la Dehesa<\/strong>. La ruta principal tendr\u00e1 19 kil\u00f3metros y la alternativa, de 13. La marcha est\u00e1 organizada por el <a href=\"http:\/\/lazancaja.blogspot.com.es\/\" rel=\"external nofollow\"><strong>club senderista La Zancaj\u00e1.<\/strong> <\/a><\/p>\n<p>Igual que en las ediciones anteriores, una vez finalizada la ruta sse disfrutar\u00e1 de una sustanciosa degustaci\u00f3n de productos del <strong>cerdo ib\u00e9rico<\/strong> en todas sus modalidades: embutidos, carnes preparadas con recetas antiguas, jam\u00f3n, paleta, lomo, \u2026, as\u00ed como de la actuaci\u00f3n de un grupo musical y karakoke.<\/p>\n<p>Los interesados en participar deben inscribirse antes del d\u00eda 15 de abril en el correo <a href=\"mailto:lazancaja@hotmail.es\">lazancaja@hotmail.es<\/a> o en el tel\u00e9fono 635533092.<\/p>\n<p>La inscripci\u00f3n tiene un <strong>coste de dos euros<\/strong> y lo recaudado ir\u00e1 destinado a C\u00e1ritas y la Cruz Roja.<\/p>\n<!-- AddThis Advanced Settings generic via filter on the_content --><!-- AddThis Share Buttons generic via filter on the_content -->","protected":false},"excerpt":{"rendered":"<p>\u00a0Fregenal de la Sierra celebrar\u00e1 el 21 de abril la V edici\u00f3n de la Ruta del Jam\u00f3n y la Dehesa. La ruta principal tendr\u00e1 19 kil\u00f3metros y la alternativa, de 13. La marcha est\u00e1 organizada por el club senderista La Zancaj\u00e1. Igual que en las ediciones anteriores, una vez finalizada la ruta sse disfrutar\u00e1 de [&hellip;]<!-- AddThis Advanced Settings generic via filter on get_the_excerpt --><!-- AddThis Share Buttons generic via filter on get_the_excerpt --><\/p>\n","protected":false},"author":27,"featured_media":0,"comment_status":"open","ping_status":"closed","sticky":false,"template":"","format":"standard","meta":[],"categories":[4],"tags":[259,323,785,817,836],"_links":{"self":[{"href":"https:\/\/blogs.hoy.es\/senderosextremadura\/wp-json\/wp\/v2\/posts\/1510"}],"collection":[{"href":"https:\/\/blogs.hoy.es\/senderosextremadura\/wp-json\/wp\/v2\/posts"}],"about":[{"href":"https:\/\/blogs.hoy.es\/senderosextremadura\/wp-json\/wp\/v2\/types\/post"}],"author":[{"embeddable":true,"href":"https:\/\/blogs.hoy.es\/senderosextremadura\/wp-json\/wp\/v2\/users\/27"}],"replies":[{"embeddable":true,"href":"https:\/\/blogs.hoy.es\/senderosextremadura\/wp-json\/wp\/v2\/comments?post=1510"}],"version-history":[{"count":0,"href":"https:\/\/blogs.hoy.es\/senderosextremadura\/wp-json\/wp\/v2\/posts\/1510\/revisions"}],"wp:attachment":[{"href":"https:\/\/blogs.hoy.es\/senderosextremadura\/wp-json\/wp\/v2\/media?parent=1510"}],"wp:term":[{"taxonomy":"category","embeddable":true,"href":"https:\/\/blogs.hoy.es\/senderosextremadura\/wp-json\/wp\/v2\/categories?post=1510"},{"taxonomy":"post_tag","embeddable":true,"href":"https:\/\/blogs.hoy.es\/senderosextremadura\/wp-json\/wp\/v2\/tags?post=1510"}],"curies":[{"name":"wp","href":"https:\/\/api.w.org\/{rel}","templated":true}]}}