{"id":1529,"date":"2013-04-11T07:00:51","date_gmt":"2013-04-11T07:00:51","guid":{"rendered":"http:\/\/blogs.hoy.es\/senderosextremadura\/?p=1529"},"modified":"2013-04-11T07:00:51","modified_gmt":"2013-04-11T07:00:51","slug":"el-bordon-de-plasencia-recorrera-la-ruta-heidi-de-hervas-14-de-abril","status":"publish","type":"post","link":"https:\/\/blogs.hoy.es\/senderosextremadura\/2013\/04\/11\/el-bordon-de-plasencia-recorrera-la-ruta-heidi-de-hervas-14-de-abril\/","title":{"rendered":"El Bord\u00f3n de Plasencia recorrer\u00e1 la ruta Heidi de Herv\u00e1s (14 de abril)"},"content":{"rendered":"<div id=\"attachment_1532\" style=\"width: 610px\" class=\"wp-caption aligncenter\"><a href=\"https:\/\/blogs.hoy.es\/senderosextremadura\/2013\/04\/11\/el-bordon-de-plasencia-recorrera-la-ruta-heidi-de-hervas-14-de-abril\/hervas-ruta-3\/\" rel=\"attachment wp-att-1532\"><img aria-describedby=\"caption-attachment-1532\" loading=\"lazy\" class=\"size-large wp-image-1532\" title=\"Paror\u00e1mica del Valle del Ambroz\" src=\"\/senderosextremadura\/wp-content\/uploads\/sites\/22\/2013\/04\/hervas-ruta-3.jpg\" alt=\"Paror\u00e1mica del Valle del Ambroz\" width=\"600\" height=\"278\" srcset=\"https:\/\/static-blogs.hoy.es\/wp-content\/uploads\/sites\/22\/2013\/04\/hervas-ruta-3.jpg 647w, https:\/\/static-blogs.hoy.es\/wp-content\/uploads\/sites\/22\/2013\/04\/hervas-ruta-3-300x139.jpg 300w, https:\/\/static-blogs.hoy.es\/wp-content\/uploads\/sites\/22\/2013\/04\/hervas-ruta-3-600x278.jpg 600w\" sizes=\"(max-width: 600px) 100vw, 600px\" \/><\/a><p id=\"caption-attachment-1532\" class=\"wp-caption-text\">Paror\u00e1mica del Valle del Ambroz<\/p><\/div>\n<p>Tras el par\u00e1ntesis de la Semana Santa, la asociaci\u00f3n deportiva El Bord\u00f3n retoma sus actividades y lo hace con una marcha in\u00e9dita, con la conocida ruta Heidi. Tendr\u00e1 lugar el domingo d\u00eda 14.<\/p>\n<p>Los participantes se desplazar\u00e1n en autob\u00fas hasta la localidad de Herv\u00e1s. La salida ser\u00e1 a las 7.30 horas desde la puerta del parque de Los Pinos y el regreso est\u00e1 previsto hacia el mediod\u00eda, seg\u00fan informa la organizaci\u00f3n.<\/p>\n<p>&nbsp;<\/p>\n<p><strong>GALER\u00cdAS<\/strong><\/p>\n<p><a href=\"http:\/\/www.hoy.es\/multimedia\/fotos\/caceres\/118374-travesia-ambrozvalle-jerte-0.html\" rel=\"external nofollow\"><strong>Traves\u00eda Ambroz-Valle del Jerte<\/strong><\/a><\/p>\n<h4><a href=\"http:\/\/www.hoy.es\/multimedia\/fotos\/caceres\/109852-ruta-otono-magico-valle-ambroz-0.html\" rel=\"external nofollow\">Ruta del Oto\u00f1o M\u00e1gico por el Valle del Ambroz<\/a><\/h4>\n<h4><a title=\"Ruta de los carboneros, del Jerte al Valle del Ambroz\" href=\"http:\/\/www.hoy.es\/multimedia\/fotos\/ultimos\/97457-ruta-carboneros-jerte-valle-ambroz-0.html\" target=\"_blank\" rel=\"external nofollow\">Ruta de los carboneros, del Jerte al Valle del Ambroz<\/a><\/h4>\n<!-- AddThis Advanced Settings generic via filter on the_content --><!-- AddThis Share Buttons generic via filter on the_content -->","protected":false},"excerpt":{"rendered":"<p>Tras el par\u00e1ntesis de la Semana Santa, la asociaci\u00f3n deportiva El Bord\u00f3n retoma sus actividades y lo hace con una marcha in\u00e9dita, con la conocida ruta Heidi. Tendr\u00e1 lugar el domingo d\u00eda 14. Los participantes se desplazar\u00e1n en autob\u00fas hasta la localidad de Herv\u00e1s. La salida ser\u00e1 a las 7.30 horas desde la puerta del [&hellip;]<!-- AddThis Advanced Settings generic via filter on get_the_excerpt --><!-- AddThis Share Buttons generic via filter on get_the_excerpt --><\/p>\n","protected":false},"author":27,"featured_media":0,"comment_status":"open","ping_status":"closed","sticky":false,"template":"","format":"standard","meta":[],"categories":[4],"tags":[],"_links":{"self":[{"href":"https:\/\/blogs.hoy.es\/senderosextremadura\/wp-json\/wp\/v2\/posts\/1529"}],"collection":[{"href":"https:\/\/blogs.hoy.es\/senderosextremadura\/wp-json\/wp\/v2\/posts"}],"about":[{"href":"https:\/\/blogs.hoy.es\/senderosextremadura\/wp-json\/wp\/v2\/types\/post"}],"author":[{"embeddable":true,"href":"https:\/\/blogs.hoy.es\/senderosextremadura\/wp-json\/wp\/v2\/users\/27"}],"replies":[{"embeddable":true,"href":"https:\/\/blogs.hoy.es\/senderosextremadura\/wp-json\/wp\/v2\/comments?post=1529"}],"version-history":[{"count":0,"href":"https:\/\/blogs.hoy.es\/senderosextremadura\/wp-json\/wp\/v2\/posts\/1529\/revisions"}],"wp:attachment":[{"href":"https:\/\/blogs.hoy.es\/senderosextremadura\/wp-json\/wp\/v2\/media?parent=1529"}],"wp:term":[{"taxonomy":"category","embeddable":true,"href":"https:\/\/blogs.hoy.es\/senderosextremadura\/wp-json\/wp\/v2\/categories?post=1529"},{"taxonomy":"post_tag","embeddable":true,"href":"https:\/\/blogs.hoy.es\/senderosextremadura\/wp-json\/wp\/v2\/tags?post=1529"}],"curies":[{"name":"wp","href":"https:\/\/api.w.org\/{rel}","templated":true}]}}