{"id":1533,"date":"2013-04-11T08:01:32","date_gmt":"2013-04-11T08:01:32","guid":{"rendered":"http:\/\/blogs.hoy.es\/senderosextremadura\/?p=1533"},"modified":"2013-04-11T08:01:32","modified_gmt":"2013-04-11T08:01:32","slug":"valcorchero-organiza-una-travesia-por-la-sierra-de-bejar-14-de-abril","status":"publish","type":"post","link":"https:\/\/blogs.hoy.es\/senderosextremadura\/2013\/04\/11\/valcorchero-organiza-una-travesia-por-la-sierra-de-bejar-14-de-abril\/","title":{"rendered":"Valcorchero organiza una traves\u00eda por la Sierra de B\u00e9jar (14 de abril)"},"content":{"rendered":"<div id=\"attachment_1536\" style=\"width: 556px\" class=\"wp-caption aligncenter\"><a href=\"https:\/\/blogs.hoy.es\/senderosextremadura\/2013\/04\/11\/valcorchero-organiza-una-travesia-por-la-sierra-de-bejar-14-de-abril\/bejar-sierra1-2\/\" rel=\"attachment wp-att-1536\"><img aria-describedby=\"caption-attachment-1536\" loading=\"lazy\" class=\" wp-image-1536\" title=\"Vistas de la estaci\u00f3n de esqu\u00ed de La Covatilla, en la Sierra de B\u00e9jar\" src=\"\/senderosextremadura\/wp-content\/uploads\/sites\/22\/2013\/04\/bejar-sierra11.jpg\" alt=\"\" width=\"546\" height=\"409\" srcset=\"https:\/\/static-blogs.hoy.es\/wp-content\/uploads\/sites\/22\/2013\/04\/bejar-sierra11.jpg 1701w, https:\/\/static-blogs.hoy.es\/wp-content\/uploads\/sites\/22\/2013\/04\/bejar-sierra11-300x225.jpg 300w, https:\/\/static-blogs.hoy.es\/wp-content\/uploads\/sites\/22\/2013\/04\/bejar-sierra11-768x576.jpg 768w, https:\/\/static-blogs.hoy.es\/wp-content\/uploads\/sites\/22\/2013\/04\/bejar-sierra11-600x450.jpg 600w\" sizes=\"(max-width: 546px) 100vw, 546px\" \/><\/a><p id=\"caption-attachment-1536\" class=\"wp-caption-text\">Vistas de la estaci\u00f3n de esqu\u00ed de La Covatilla, en la Sierra de B\u00e9jar<\/p><\/div>\n<p>El pr\u00f3ximo domingo 14 el <a href=\"http:\/\/www.valcorchero.es\/\" target=\"_blank\" rel=\"external nofollow\"><strong>Club de Monta\u00f1a Valcorchero<\/strong><\/a> de Plasencia organiza una traves\u00eda invernal en la Sierra de B\u00e9jar. El recorrido principal parte de la plataforma El Travieso para coronar el Calvitero, desde all\u00ed se continuar\u00e1 hasta Pe\u00f1a Negra de Becedas. En esta localidad abulense terminar\u00e1 la traves\u00eda. <!--more-->La salida ser\u00e1 a las 7 horas desde la puerta del parque de Los Pinos.<\/p>\n<p>Para mas informaci\u00f3n se puede visitar la web del club en <a href=\"http:\/\/www.valcorchero.es\/\" target=\"_blank\" rel=\"external nofollow\"><strong> www.valcorchero.es<\/strong><\/a><\/p>\n<p>&nbsp;<\/p>\n<p>&nbsp;<\/p>\n<p>&nbsp;<\/p>\n<!-- AddThis Advanced Settings generic via filter on the_content --><!-- AddThis Share Buttons generic via filter on the_content -->","protected":false},"excerpt":{"rendered":"<p>El pr\u00f3ximo domingo 14 el Club de Monta\u00f1a Valcorchero de Plasencia organiza una traves\u00eda invernal en la Sierra de B\u00e9jar. El recorrido principal parte de la plataforma El Travieso para coronar el Calvitero, desde all\u00ed se continuar\u00e1 hasta Pe\u00f1a Negra de Becedas. En esta localidad abulense terminar\u00e1 la traves\u00eda.<!-- AddThis Advanced Settings generic via filter on get_the_excerpt --><!-- AddThis Share Buttons generic via filter on get_the_excerpt --><\/p>\n","protected":false},"author":27,"featured_media":0,"comment_status":"open","ping_status":"closed","sticky":false,"template":"","format":"standard","meta":[],"categories":[4],"tags":[225,872,906,946,973],"_links":{"self":[{"href":"https:\/\/blogs.hoy.es\/senderosextremadura\/wp-json\/wp\/v2\/posts\/1533"}],"collection":[{"href":"https:\/\/blogs.hoy.es\/senderosextremadura\/wp-json\/wp\/v2\/posts"}],"about":[{"href":"https:\/\/blogs.hoy.es\/senderosextremadura\/wp-json\/wp\/v2\/types\/post"}],"author":[{"embeddable":true,"href":"https:\/\/blogs.hoy.es\/senderosextremadura\/wp-json\/wp\/v2\/users\/27"}],"replies":[{"embeddable":true,"href":"https:\/\/blogs.hoy.es\/senderosextremadura\/wp-json\/wp\/v2\/comments?post=1533"}],"version-history":[{"count":0,"href":"https:\/\/blogs.hoy.es\/senderosextremadura\/wp-json\/wp\/v2\/posts\/1533\/revisions"}],"wp:attachment":[{"href":"https:\/\/blogs.hoy.es\/senderosextremadura\/wp-json\/wp\/v2\/media?parent=1533"}],"wp:term":[{"taxonomy":"category","embeddable":true,"href":"https:\/\/blogs.hoy.es\/senderosextremadura\/wp-json\/wp\/v2\/categories?post=1533"},{"taxonomy":"post_tag","embeddable":true,"href":"https:\/\/blogs.hoy.es\/senderosextremadura\/wp-json\/wp\/v2\/tags?post=1533"}],"curies":[{"name":"wp","href":"https:\/\/api.w.org\/{rel}","templated":true}]}}