{"id":1537,"date":"2013-04-11T08:59:44","date_gmt":"2013-04-11T08:59:44","guid":{"rendered":"http:\/\/blogs.hoy.es\/senderosextremadura\/?p=1537"},"modified":"2013-04-11T08:59:44","modified_gmt":"2013-04-11T08:59:44","slug":"11-kilometros-a-pie-de-campanario-a-la-guarda-14-de-abril","status":"publish","type":"post","link":"https:\/\/blogs.hoy.es\/senderosextremadura\/2013\/04\/11\/11-kilometros-a-pie-de-campanario-a-la-guarda-14-de-abril\/","title":{"rendered":"11 kil\u00f3metros a pie de Campanario a La Guarda (14 de abril)"},"content":{"rendered":"<div>\n<p><a href=\"https:\/\/blogs.hoy.es\/senderosextremadura\/2013\/04\/11\/11-kilometros-a-pie-de-campanario-a-la-guarda-14-de-abril\/senderismolaguarda-300xxx80\/\" rel=\"attachment wp-att-1538\"><img loading=\"lazy\" class=\"alignright  wp-image-1538\" title=\"\" src=\"\/senderosextremadura\/wp-content\/uploads\/sites\/22\/2013\/04\/senderismolaguarda-300xXx80.jpg\" alt=\"\" width=\"271\" height=\"380\" srcset=\"https:\/\/static-blogs.hoy.es\/wp-content\/uploads\/sites\/22\/2013\/04\/senderismolaguarda-300xXx80.jpg 300w, https:\/\/static-blogs.hoy.es\/wp-content\/uploads\/sites\/22\/2013\/04\/senderismolaguarda-300xXx80-214x300.jpg 214w\" sizes=\"(max-width: 271px) 100vw, 271px\" \/><\/a><\/p>\n<p><span style=\"font-size: medium;\">El <strong>Ayuntamiento de Campanario<\/strong>, en la comarca de La Serena, organiza para el pr\u00f3ximo domingo 14 de abril una ruta de senderismo cuyo recorrido, de aproximadamente 11 kil\u00f3metros, ser\u00e1 Campanario-La Guarda.<\/span><\/p>\n<p><span style=\"font-size: medium;\">Parece que la predicci\u00f3n\u00a0 meteorol\u00f3gica apunta a que en la jornada dominical reinar\u00e1 el buen tiempo, por lo que los asistentes podr\u00e1n disfrutar del campo y de un d\u00eda de sol.<\/span><\/p>\n<p><span style=\"font-size: medium;\">El plazo de inscripciones est\u00e1 abierto y podr\u00e1 realizarse en la Universidad Popular. Los participantes har\u00e1n su salida a partir de las 9.30 de la ma\u00f1ana desde el Parque de la Constituci\u00f3n, donde se les entregar\u00e1n las credenciales.<\/span><!--more--><\/p>\n<p><span style=\"font-size: medium;\">A lo largo del recorrido se contar\u00e1 con un puesto de control y avituallamiento. A la llegada, cada uno de los senderistas ser\u00e1 obsequiado con un recuerdo de la ruta, un bocadillo y un refresco.<\/span><\/p>\n<p>Fuente: <a href=\"http:\/\/www.hoycampanario.es\/\" rel=\"external nofollow\"><strong>hoyCampanario<\/strong><\/a><\/p>\n<\/div>\n<!-- AddThis Advanced Settings generic via filter on the_content --><!-- AddThis Share Buttons generic via filter on the_content -->","protected":false},"excerpt":{"rendered":"<p>El Ayuntamiento de Campanario, en la comarca de La Serena, organiza para el pr\u00f3ximo domingo 14 de abril una ruta de senderismo cuyo recorrido, de aproximadamente 11 kil\u00f3metros, ser\u00e1 Campanario-La Guarda. Parece que la predicci\u00f3n\u00a0 meteorol\u00f3gica apunta a que en la jornada dominical reinar\u00e1 el buen tiempo, por lo que los asistentes podr\u00e1n disfrutar del [&hellip;]<!-- AddThis Advanced Settings generic via filter on get_the_excerpt --><!-- AddThis Share Buttons generic via filter on get_the_excerpt --><\/p>\n","protected":false},"author":27,"featured_media":0,"comment_status":"open","ping_status":"closed","sticky":false,"template":"","format":"standard","meta":[],"categories":[4],"tags":[],"_links":{"self":[{"href":"https:\/\/blogs.hoy.es\/senderosextremadura\/wp-json\/wp\/v2\/posts\/1537"}],"collection":[{"href":"https:\/\/blogs.hoy.es\/senderosextremadura\/wp-json\/wp\/v2\/posts"}],"about":[{"href":"https:\/\/blogs.hoy.es\/senderosextremadura\/wp-json\/wp\/v2\/types\/post"}],"author":[{"embeddable":true,"href":"https:\/\/blogs.hoy.es\/senderosextremadura\/wp-json\/wp\/v2\/users\/27"}],"replies":[{"embeddable":true,"href":"https:\/\/blogs.hoy.es\/senderosextremadura\/wp-json\/wp\/v2\/comments?post=1537"}],"version-history":[{"count":0,"href":"https:\/\/blogs.hoy.es\/senderosextremadura\/wp-json\/wp\/v2\/posts\/1537\/revisions"}],"wp:attachment":[{"href":"https:\/\/blogs.hoy.es\/senderosextremadura\/wp-json\/wp\/v2\/media?parent=1537"}],"wp:term":[{"taxonomy":"category","embeddable":true,"href":"https:\/\/blogs.hoy.es\/senderosextremadura\/wp-json\/wp\/v2\/categories?post=1537"},{"taxonomy":"post_tag","embeddable":true,"href":"https:\/\/blogs.hoy.es\/senderosextremadura\/wp-json\/wp\/v2\/tags?post=1537"}],"curies":[{"name":"wp","href":"https:\/\/api.w.org\/{rel}","templated":true}]}}