{"id":1541,"date":"2013-04-12T08:30:20","date_gmt":"2013-04-12T08:30:20","guid":{"rendered":"http:\/\/blogs.hoy.es\/senderosextremadura\/?p=1541"},"modified":"2013-04-12T08:30:20","modified_gmt":"2013-04-12T08:30:20","slug":"seis-rutas-para-un-soleado-fin-de-semana-en-extremadura","status":"publish","type":"post","link":"https:\/\/blogs.hoy.es\/senderosextremadura\/2013\/04\/12\/seis-rutas-para-un-soleado-fin-de-semana-en-extremadura\/","title":{"rendered":"Seis rutas para un soleado fin de semana en Extremadura"},"content":{"rendered":"<div id=\"attachment_1543\" style=\"width: 610px\" class=\"wp-caption aligncenter\"><a href=\"https:\/\/blogs.hoy.es\/senderosextremadura\/2013\/04\/12\/seis-rutas-para-un-soleado-fin-de-semana-en-extremadura\/finde\/\" rel=\"attachment wp-att-1543\"><img aria-describedby=\"caption-attachment-1543\" loading=\"lazy\" class=\" wp-image-1543\" title=\"\" src=\"\/senderosextremadura\/wp-content\/uploads\/sites\/22\/2013\/04\/finde.jpg\" alt=\"\" width=\"600\" height=\"278\" srcset=\"https:\/\/static-blogs.hoy.es\/wp-content\/uploads\/sites\/22\/2013\/04\/finde.jpg 647w, https:\/\/static-blogs.hoy.es\/wp-content\/uploads\/sites\/22\/2013\/04\/finde-300x139.jpg 300w, https:\/\/static-blogs.hoy.es\/wp-content\/uploads\/sites\/22\/2013\/04\/finde-600x278.jpg 600w\" sizes=\"(max-width: 600px) 100vw, 600px\" \/><\/a><p id=\"caption-attachment-1543\" class=\"wp-caption-text\">Valle del Jerte<\/p><\/div>\n<p><strong>\u00a1Por fin buen tiempo<\/strong>! Despu\u00e9s de muchos fines de semana de lluvia e inestabilidad atmosf\u00e9rica en <strong>Extremadura<\/strong> llegan de verdad las <strong>temperaturas primaverales<\/strong>. En algunos puntos alcanzaremos incluso los veinte 20\u00ba. Una estupenda ocasi\u00f3n para disfrutar del <strong>campo extreme\u00f1o<\/strong>, que luce en abril su mejor cara: verdes intensos que cubren cada rinc\u00f3n del paisaje, floridas alfombras multicolor y vivarachos riachuelos y cascadas\u00a0 cargadas de brava agua cristalina. Aqu\u00ed os resumimos algunas de las rutas organizadas que pod\u00e9is realizar este fin de semana. Os recordamos adem\u00e1s que el <strong>Valle del Jerte<\/strong> empiezan a llegar los mejores d\u00edas para contemplar la floraci\u00f3n del cerezo.<\/p>\n<p>&nbsp;<\/p>\n<ul>\n<li>\n<h2><span style=\"font-size: small;\"><a title=\"11 kil\u00f3metros a pie de Campanario a La Guarda (14 de abril)\" href=\"https:\/\/blogs.hoy.es\/senderosextremadura\/2013\/04\/11\/11-kilometros-a-pie-de-campanario-a-la-guarda-14-de-abril\/\">11 kil\u00f3metros a pie de Campanario a La Guarda (14 de abril)<\/a><\/span><\/h2>\n<\/li>\n<li>\n<h2><span style=\"font-size: small;\"><a title=\"Valcorchero organiza una traves\u00eda por la Sierra de B\u00e9jar (14 de abril)\" href=\"https:\/\/blogs.hoy.es\/senderosextremadura\/2013\/04\/11\/valcorchero-organiza-una-travesia-por-la-sierra-de-bejar-14-de-abril\/\">Valcorchero organiza una traves\u00eda por la Sierra de B\u00e9jar (14 de abril)<\/a><\/span><\/h2>\n<\/li>\n<li>\n<h2><span style=\"font-size: small;\"><a title=\"El Bord\u00f3n de Plasencia recorrer\u00e1 la ruta Heidi de Herv\u00e1s (14 de abril)\" href=\"https:\/\/blogs.hoy.es\/senderosextremadura\/2013\/04\/11\/el-bordon-de-plasencia-recorrera-la-ruta-heidi-de-hervas-14-de-abril\/\">El Bord\u00f3n de Plasencia recorrer\u00e1 la ruta Heidi de Herv\u00e1s (14 de abril)<\/a><\/span><\/h2>\n<\/li>\n<li>\n<h2><span style=\"font-size: small;\"><a title=\"Almohar\u00edn celebra su Ruta del Garbanzo (14 abril)\" href=\"https:\/\/blogs.hoy.es\/senderosextremadura\/2013\/04\/09\/almoharin-celebra-su-ruta-del-garbanzo-14-abril\/\" rel=\"bookmark\">Almohar\u00edn celebra su Ruta del Garbanzo (14 abril)<\/a><\/span><\/h2>\n<\/li>\n<li>\n<h2><span style=\"font-size: small;\"><a title=\"Ruta de los Molinos por la Sierra de Mont\u00e1nchez (14 de abril)\" href=\"https:\/\/blogs.hoy.es\/senderosextremadura\/2013\/04\/08\/ruta-de-los-molinos-por-la-sierra-de-montanchez-14-de-abril\/\" rel=\"bookmark\">Ruta de los Molinos por la Sierra de Mont\u00e1nchez (14 de abril)<\/a><\/span><\/h2>\n<\/li>\n<li>\n<h2><span style=\"font-size: small;\"><a href=\"https:\/\/blogs.hoy.es\/senderosextremadura\/2013\/04\/08\/ruta-por-cazorla-con-el-club-del-caminante-13-de-abril\/\">Ruta por Cazorla con el Club del Caminante (13 de abril)<\/a><\/span><\/h2>\n<\/li>\n<\/ul>\n<!-- AddThis Advanced Settings generic via filter on the_content --><!-- AddThis Share Buttons generic via filter on the_content -->","protected":false},"excerpt":{"rendered":"<p>\u00a1Por fin buen tiempo! Despu\u00e9s de muchos fines de semana de lluvia e inestabilidad atmosf\u00e9rica en Extremadura llegan de verdad las temperaturas primaverales. En algunos puntos alcanzaremos incluso los veinte 20\u00ba. Una estupenda ocasi\u00f3n para disfrutar del campo extreme\u00f1o, que luce en abril su mejor cara: verdes intensos que cubren cada rinc\u00f3n del paisaje, floridas [&hellip;]<!-- AddThis Advanced Settings generic via filter on get_the_excerpt --><!-- AddThis Share Buttons generic via filter on get_the_excerpt --><\/p>\n","protected":false},"author":27,"featured_media":0,"comment_status":"open","ping_status":"closed","sticky":false,"template":"","format":"standard","meta":[],"categories":[4],"tags":[41,105,140,318,381,428,747,836,917,973,986,1063],"_links":{"self":[{"href":"https:\/\/blogs.hoy.es\/senderosextremadura\/wp-json\/wp\/v2\/posts\/1541"}],"collection":[{"href":"https:\/\/blogs.hoy.es\/senderosextremadura\/wp-json\/wp\/v2\/posts"}],"about":[{"href":"https:\/\/blogs.hoy.es\/senderosextremadura\/wp-json\/wp\/v2\/types\/post"}],"author":[{"embeddable":true,"href":"https:\/\/blogs.hoy.es\/senderosextremadura\/wp-json\/wp\/v2\/users\/27"}],"replies":[{"embeddable":true,"href":"https:\/\/blogs.hoy.es\/senderosextremadura\/wp-json\/wp\/v2\/comments?post=1541"}],"version-history":[{"count":0,"href":"https:\/\/blogs.hoy.es\/senderosextremadura\/wp-json\/wp\/v2\/posts\/1541\/revisions"}],"wp:attachment":[{"href":"https:\/\/blogs.hoy.es\/senderosextremadura\/wp-json\/wp\/v2\/media?parent=1541"}],"wp:term":[{"taxonomy":"category","embeddable":true,"href":"https:\/\/blogs.hoy.es\/senderosextremadura\/wp-json\/wp\/v2\/categories?post=1541"},{"taxonomy":"post_tag","embeddable":true,"href":"https:\/\/blogs.hoy.es\/senderosextremadura\/wp-json\/wp\/v2\/tags?post=1541"}],"curies":[{"name":"wp","href":"https:\/\/api.w.org\/{rel}","templated":true}]}}