{"id":1544,"date":"2013-04-15T07:53:32","date_gmt":"2013-04-15T07:53:32","guid":{"rendered":"http:\/\/blogs.hoy.es\/senderosextremadura\/?p=1544"},"modified":"2013-04-15T07:53:32","modified_gmt":"2013-04-15T07:53:32","slug":"25-000-pasos-por-las-dehesas-fronterizas-de-villarreal","status":"publish","type":"post","link":"https:\/\/blogs.hoy.es\/senderosextremadura\/2013\/04\/15\/25-000-pasos-por-las-dehesas-fronterizas-de-villarreal\/","title":{"rendered":"25.000 pasos por las dehesas fronterizas de Villarreal (Fotos)"},"content":{"rendered":"<div><a href=\"https:\/\/blogs.hoy.es\/senderosextremadura\/2013\/04\/15\/25-000-pasos-por-las-dehesas-fronterizas-de-villarreal\/ruta-prsinas\/\" rel=\"attachment wp-att-1546\"><img loading=\"lazy\" class=\"aligncenter size-large wp-image-1546\" title=\"40 senderistas participaron en esta bonita ruta primaveral. \/ PRISI\u00d1AS\" src=\"\/senderosextremadura\/wp-content\/uploads\/sites\/22\/2013\/04\/ruta-prsinas.jpg\" alt=\"\" width=\"600\" height=\"375\" srcset=\"https:\/\/static-blogs.hoy.es\/wp-content\/uploads\/sites\/22\/2013\/04\/ruta-prsinas.jpg 1280w, https:\/\/static-blogs.hoy.es\/wp-content\/uploads\/sites\/22\/2013\/04\/ruta-prsinas-300x188.jpg 300w, https:\/\/static-blogs.hoy.es\/wp-content\/uploads\/sites\/22\/2013\/04\/ruta-prsinas-768x480.jpg 768w, https:\/\/static-blogs.hoy.es\/wp-content\/uploads\/sites\/22\/2013\/04\/ruta-prsinas-600x375.jpg 600w\" sizes=\"(max-width: 600px) 100vw, 600px\" \/><\/a><\/div>\n<div><\/div>\n<div><a href=\"http:\/\/www.hoy.es\/multimedia\/fotos\/regional\/118713-ruta-25000-pasos-villarreal-olivenza-0.html\" target=\"_blank\" rel=\"external nofollow\"><strong>VER GALER\u00cdA DE IM\u00c1GENES<\/strong><\/a><\/div>\n<div><\/div>\n<div>C\u00e1lido domingo en la frontera luso extreme\u00f1a. Ha vuelto el sol a nuestros campos regal\u00e1ndonos un fin de semana ideal para recorrer senderos pre\u00f1ados de primavera. El club <a href=\"http:\/\/www.clubsenderistaolivenza.es\/\" target=\"_blank\" rel=\"external nofollow\"><strong>Los Prisi\u00f1as<\/strong><\/a> de Olivenza invit\u00f3 este domingo a todos los senderistas que quisieran unirse a ellos a la <a href=\"http:\/\/www.hoy.es\/multimedia\/fotos\/regional\/118713-ruta-25000-pasos-villarreal-olivenza-0.html\" rel=\"external nofollow\"><strong>Ruta de los 25.000 pasos<\/strong> (FOTOS) <\/a>. Un paseo de 18 kil\u00f3metros por los alrededores de la peque\u00f1a aldea de <strong>Villarreal de Olivenza<\/strong>, en la frontera con Portugal. El grupo sorte\u00f3 con buen \u00e1nimo los charcos y arroyos que salpicaban la dehesa.\u00a0 Un camino siempre ameno\u00a0 por la compa\u00f1\u00eda y la <strong>belleza del paisaje<\/strong>. Aunque fue una salida no organizada, acudieron casi cuarenta personas dispuestas a pasar una soleada ma\u00f1ana entre flores. La ruta termin\u00f3 en Villarreal con unas <strong>tapas para recuperar fuerzas<\/strong>. Pod\u00e9is encontrar el recorrido de la marcha en <a href=\"http:\/\/es.wikiloc.com\/wikiloc\/view.do?id=4294864\" target=\"_blank\" rel=\"external nofollow\"><strong>wikiloc<\/strong><\/a>. La pr\u00f3xima ruta del club es la <a href=\"https:\/\/blogs.hoy.es\/senderosextremadura\/2013\/04\/14\/ruta-historica-de-los-matacanes-olivenza-5-de-mayo\/\"><strong>Ruta de los Matacanes<\/strong><\/a>, que tendr\u00e1 lugar el d\u00eda 5 de mayo en Olivenza.<\/div>\n<div><\/div>\n<div>Los Prisi\u00f1as quieren agradecer la acogida de todos a esta ruta y al club. Est\u00e1n dando los primeros pasos, pero lo hacen con mucha ilusi\u00f3n.<\/div>\n<div><\/div>\n<div>M\u00c1S INFORMACI\u00d3N DEL CLUB EN<\/div>\n<div><a href=\"www.clubsenderistaolivenza.es\" target=\"_blank\"><strong>www.clubsenderistaolivenza.es<\/strong><\/a><\/div>\n<div><\/div>\n<div>\n<div id=\"attachment_1547\" style=\"width: 610px\" class=\"wp-caption aligncenter\"><a href=\"https:\/\/blogs.hoy.es\/senderosextremadura\/2013\/04\/15\/25-000-pasos-por-las-dehesas-fronterizas-de-villarreal\/ruta-pasos\/\" rel=\"attachment wp-att-1547\"><img aria-describedby=\"caption-attachment-1547\" loading=\"lazy\" class=\"size-large wp-image-1547\" title=\"Foto de familia de los participantes en la ruta circular por Villarreal. \/ PRISI\u00d1AS\" src=\"\/senderosextremadura\/wp-content\/uploads\/sites\/22\/2013\/04\/ruta-pasos.jpg\" alt=\"Foto de familia de los participantes en la ruta circular por Villarreal. \/ PRISI\u00d1AS\" width=\"600\" height=\"375\" srcset=\"https:\/\/static-blogs.hoy.es\/wp-content\/uploads\/sites\/22\/2013\/04\/ruta-pasos.jpg 1280w, https:\/\/static-blogs.hoy.es\/wp-content\/uploads\/sites\/22\/2013\/04\/ruta-pasos-300x188.jpg 300w, https:\/\/static-blogs.hoy.es\/wp-content\/uploads\/sites\/22\/2013\/04\/ruta-pasos-768x480.jpg 768w, https:\/\/static-blogs.hoy.es\/wp-content\/uploads\/sites\/22\/2013\/04\/ruta-pasos-600x375.jpg 600w\" sizes=\"(max-width: 600px) 100vw, 600px\" \/><\/a><p id=\"caption-attachment-1547\" class=\"wp-caption-text\">Foto de familia de los participantes en la ruta circular por Villarreal. \/ PRISI\u00d1AS<\/p><\/div>\n<\/div>\n<!-- AddThis Advanced Settings generic via filter on the_content --><!-- AddThis Share Buttons generic via filter on the_content -->","protected":false},"excerpt":{"rendered":"<p>VER GALER\u00cdA DE IM\u00c1GENES C\u00e1lido domingo en la frontera luso extreme\u00f1a. Ha vuelto el sol a nuestros campos regal\u00e1ndonos un fin de semana ideal para recorrer senderos pre\u00f1ados de primavera. El club Los Prisi\u00f1as de Olivenza invit\u00f3 este domingo a todos los senderistas que quisieran unirse a ellos a la Ruta de los 25.000 pasos [&hellip;]<!-- AddThis Advanced Settings generic via filter on get_the_excerpt --><!-- AddThis Share Buttons generic via filter on get_the_excerpt --><\/p>\n","protected":false},"author":27,"featured_media":0,"comment_status":"open","ping_status":"closed","sticky":false,"template":"","format":"standard","meta":[],"categories":[3,4],"tags":[],"_links":{"self":[{"href":"https:\/\/blogs.hoy.es\/senderosextremadura\/wp-json\/wp\/v2\/posts\/1544"}],"collection":[{"href":"https:\/\/blogs.hoy.es\/senderosextremadura\/wp-json\/wp\/v2\/posts"}],"about":[{"href":"https:\/\/blogs.hoy.es\/senderosextremadura\/wp-json\/wp\/v2\/types\/post"}],"author":[{"embeddable":true,"href":"https:\/\/blogs.hoy.es\/senderosextremadura\/wp-json\/wp\/v2\/users\/27"}],"replies":[{"embeddable":true,"href":"https:\/\/blogs.hoy.es\/senderosextremadura\/wp-json\/wp\/v2\/comments?post=1544"}],"version-history":[{"count":0,"href":"https:\/\/blogs.hoy.es\/senderosextremadura\/wp-json\/wp\/v2\/posts\/1544\/revisions"}],"wp:attachment":[{"href":"https:\/\/blogs.hoy.es\/senderosextremadura\/wp-json\/wp\/v2\/media?parent=1544"}],"wp:term":[{"taxonomy":"category","embeddable":true,"href":"https:\/\/blogs.hoy.es\/senderosextremadura\/wp-json\/wp\/v2\/categories?post=1544"},{"taxonomy":"post_tag","embeddable":true,"href":"https:\/\/blogs.hoy.es\/senderosextremadura\/wp-json\/wp\/v2\/tags?post=1544"}],"curies":[{"name":"wp","href":"https:\/\/api.w.org\/{rel}","templated":true}]}}