{"id":1549,"date":"2013-04-15T10:51:58","date_gmt":"2013-04-15T10:51:58","guid":{"rendered":"http:\/\/blogs.hoy.es\/senderosextremadura\/?p=1549"},"modified":"2013-04-15T10:51:58","modified_gmt":"2013-04-15T10:51:58","slug":"desde-la-pesga-a-la-cima-de-la-pena-de-francia-4-de-mayo","status":"publish","type":"post","link":"https:\/\/blogs.hoy.es\/senderosextremadura\/2013\/04\/15\/desde-la-pesga-a-la-cima-de-la-pena-de-francia-4-de-mayo\/","title":{"rendered":"Desde La Pesga a la cima de la Pe\u00f1a de Francia (4 de mayo)"},"content":{"rendered":"<p><a href=\"https:\/\/blogs.hoy.es\/senderosextremadura\/2013\/04\/15\/desde-la-pesga-a-la-cima-de-la-pena-de-francia-4-de-mayo\/senderismo-3\/\" rel=\"attachment wp-att-1551\"><img loading=\"lazy\" class=\"alignleft  wp-image-1551\" title=\"\" src=\"\/senderosextremadura\/wp-content\/uploads\/sites\/22\/2013\/04\/senderismo.jpg\" alt=\"\" width=\"311\" height=\"439\" srcset=\"https:\/\/static-blogs.hoy.es\/wp-content\/uploads\/sites\/22\/2013\/04\/senderismo.jpg 595w, https:\/\/static-blogs.hoy.es\/wp-content\/uploads\/sites\/22\/2013\/04\/senderismo-212x300.jpg 212w\" sizes=\"(max-width: 311px) 100vw, 311px\" \/><\/a>Famosa y exigente ruta para gente que no tiene l\u00edmites y\u00a0 nunca se rinde. Sus <strong>m\u00e1s de 40 kil\u00f3metros<\/strong> discurren desde <strong>La Pesga<\/strong>, a 390 metros de altitud, hasta la cima de la <strong>Pe\u00f1a de Francia<\/strong> (Salamanca) a 1.740 metros, va discurriendo por las incomparables comarcas de <strong>Las Hurdes y Las Batuecas,<\/strong> adentr\u00e1ndote \u00a0en el parque natural. En\u00a0 esta \u00e9poca primaveral estos parajes ofrecen a los caminantes toda su gama de colores y olores en su m\u00e1ximo esplendor.<br \/>\nLos tel\u00e9fonos de contacto para la inscripci\u00f3n\u00a0 en la marcha que se celebrar\u00e1 el 4 de mayo son <strong>927674606<\/strong> o bien en <strong>927624658<\/strong>.<br \/>\nIncluye coche escoba por si fallan las fuerzas, desayuno campero y b\u00fas de regreso.<\/p>\n<p>&nbsp;<\/p>\n<p>La marcha est\u00e1 organizada por el <a href=\"http:\/\/www.lapesga.es\/\" target=\"_blank\" rel=\"external nofollow\"><strong>Ayuntamiento de La Pesga<\/strong><\/a>, en colaboraci\u00f3n con la <strong>Diputaci\u00f3n de C\u00e1ceres<\/strong><\/p>\n<!-- AddThis Advanced Settings generic via filter on the_content --><!-- AddThis Share Buttons generic via filter on the_content -->","protected":false},"excerpt":{"rendered":"<p>Famosa y exigente ruta para gente que no tiene l\u00edmites y\u00a0 nunca se rinde. Sus m\u00e1s de 40 kil\u00f3metros discurren desde La Pesga, a 390 metros de altitud, hasta la cima de la Pe\u00f1a de Francia (Salamanca) a 1.740 metros, va discurriendo por las incomparables comarcas de Las Hurdes y Las Batuecas, adentr\u00e1ndote \u00a0en el [&hellip;]<!-- AddThis Advanced Settings generic via filter on get_the_excerpt --><!-- AddThis Share Buttons generic via filter on get_the_excerpt --><\/p>\n","protected":false},"author":27,"featured_media":0,"comment_status":"open","ping_status":"closed","sticky":false,"template":"","format":"standard","meta":[],"categories":[4],"tags":[431,616,836],"_links":{"self":[{"href":"https:\/\/blogs.hoy.es\/senderosextremadura\/wp-json\/wp\/v2\/posts\/1549"}],"collection":[{"href":"https:\/\/blogs.hoy.es\/senderosextremadura\/wp-json\/wp\/v2\/posts"}],"about":[{"href":"https:\/\/blogs.hoy.es\/senderosextremadura\/wp-json\/wp\/v2\/types\/post"}],"author":[{"embeddable":true,"href":"https:\/\/blogs.hoy.es\/senderosextremadura\/wp-json\/wp\/v2\/users\/27"}],"replies":[{"embeddable":true,"href":"https:\/\/blogs.hoy.es\/senderosextremadura\/wp-json\/wp\/v2\/comments?post=1549"}],"version-history":[{"count":0,"href":"https:\/\/blogs.hoy.es\/senderosextremadura\/wp-json\/wp\/v2\/posts\/1549\/revisions"}],"wp:attachment":[{"href":"https:\/\/blogs.hoy.es\/senderosextremadura\/wp-json\/wp\/v2\/media?parent=1549"}],"wp:term":[{"taxonomy":"category","embeddable":true,"href":"https:\/\/blogs.hoy.es\/senderosextremadura\/wp-json\/wp\/v2\/categories?post=1549"},{"taxonomy":"post_tag","embeddable":true,"href":"https:\/\/blogs.hoy.es\/senderosextremadura\/wp-json\/wp\/v2\/tags?post=1549"}],"curies":[{"name":"wp","href":"https:\/\/api.w.org\/{rel}","templated":true}]}}