{"id":1553,"date":"2013-04-15T16:19:05","date_gmt":"2013-04-15T16:19:05","guid":{"rendered":"http:\/\/blogs.hoy.es\/senderosextremadura\/?p=1553"},"modified":"2013-04-15T16:19:05","modified_gmt":"2013-04-15T16:19:05","slug":"ruta-del-rey-jayon-28-de-abril","status":"publish","type":"post","link":"https:\/\/blogs.hoy.es\/senderosextremadura\/2013\/04\/15\/ruta-del-rey-jayon-28-de-abril\/","title":{"rendered":"Ruta del rey Jay\u00f3n (28 de abril)"},"content":{"rendered":"<div id=\"attachment_1555\" style=\"width: 610px\" class=\"wp-caption aligncenter\"><a href=\"https:\/\/blogs.hoy.es\/senderosextremadura\/2013\/04\/15\/ruta-del-rey-jayon-28-de-abril\/45074_431088220290867_1421532988_n\/\" rel=\"attachment wp-att-1555\"><img aria-describedby=\"caption-attachment-1555\" loading=\"lazy\" class=\"size-large wp-image-1555\" title=\"Interior de mina La Jayona, en Fuente del Arco. \/ A. MURILLO\" src=\"\/senderosextremadura\/wp-content\/uploads\/sites\/22\/2013\/04\/45074_431088220290867_1421532988_n.jpg\" alt=\"Interior de mina La Jayona, en Fuente del Arco. \/ A. MURILLO\" width=\"600\" height=\"338\" srcset=\"https:\/\/static-blogs.hoy.es\/wp-content\/uploads\/sites\/22\/2013\/04\/45074_431088220290867_1421532988_n.jpg 960w, https:\/\/static-blogs.hoy.es\/wp-content\/uploads\/sites\/22\/2013\/04\/45074_431088220290867_1421532988_n-300x169.jpg 300w, https:\/\/static-blogs.hoy.es\/wp-content\/uploads\/sites\/22\/2013\/04\/45074_431088220290867_1421532988_n-768x433.jpg 768w, https:\/\/static-blogs.hoy.es\/wp-content\/uploads\/sites\/22\/2013\/04\/45074_431088220290867_1421532988_n-600x338.jpg 600w\" sizes=\"(max-width: 600px) 100vw, 600px\" \/><\/a><p id=\"caption-attachment-1555\" class=\"wp-caption-text\">Interior de mina La Jayona, en Fuente del Arco. \/ A. MURILLO<\/p><\/div>\n<p>El <a href=\"http:\/\/www.clubcaminantebadajoz.com\/\" target=\"_blank\" rel=\"external nofollow\"><strong>Club del Caminante de Badajoz<\/strong><\/a> visita esta primavera la Campi\u00f1a Sur de Extremadura. La ruta tendr\u00e1 lugar el pr\u00f3ximo 28 de abril.\u00a0 La comarca se encuentra en la parte meridional de la regi\u00f3n, lindante con Sierra Morena y las comarcas de Tierra de Barros, La Serena y Sierra Sur-Tentud\u00eda. La Mina de la Jayona, en el t\u00e9rmino municipal de Fuente del Arco, est\u00e1 declarada Monumento Natural y es un buen ejemplo del aprovechamiento de una antigua explotaci\u00f3n minera, para el conocimiento cient\u00edfico y did\u00e1ctico de la fauna y flora del lugar, sin olvidar el car\u00e1cter hist\u00f3rico de estos oficios.<\/p>\n<p><strong>Recorrido de la ruta<\/strong><\/p>\n<p>El trayecto se iniciar\u00e1 a partir de las ocho de la ma\u00f1ana en la plaza Mayor de Llerena, espacio emblem\u00e1tico de estilo mud\u00e9jar presidida por la iglesia de Nuestra Se\u00f1ora de la Granada. Desde all\u00ed los participantes se trasladar\u00e1n en autob\u00fas al monumento natural de la mina de la Jayona de origen romano, donde se visitar\u00e1 uno de los niveles. Desde la mina se iniciar\u00e1 la ruta propiamente dicha, recorriendo\u00a0 una pronunciada pendiente hasta alcanzar la ermita de Nuestra Se\u00f1ora del Ara, \u201cconsiderada por muchos como la Capilla Sixtina de la baja Extremadura por la riqueza de sus frescos\u201d, ha recordado Casta\u00f1o, para continuar por la ca\u00f1ada real de la ribera del Ara, atravesando las \u00faltimas estribaciones de Sierra Morena.<\/p>\n<p>Una vez en Reina, los senderistas visitar\u00e1n su alcazaba \u00c1rabe, la ermita visigoda de la Virgen de las Nieves y el monolito en homenaje a la ex alcaldesa de la localidad, Cefe Gonz\u00e1lez, verdadera impulsora de la ruta y ferviente defensora del patrimonio del municipio. Seguidamente, la ruta se dirigir\u00e1 hasta la ciudad romana de Regina, donde se visitar\u00e1 el teatro romano. De all\u00ed se dirigir\u00e1n a Casas de Reina, donde el caminante puede visitar el Centro de Recepci\u00f3n de Informaci\u00f3n Tur\u00edstica de Regina, para ir alcanzando de nuevo la altura hasta el collado de la sierra de San Miguel, para en suave descenso por ancestrales caminos rodeados de exuberante vegetaci\u00f3n llegaremos a nuestro destino, la Plaza Mayor de Llerena<\/p>\n<p>&nbsp;<\/p>\n<p>M\u00e1s informaci\u00f3n de la ruta en la web del <a href=\"http:\/\/www.clubcaminantebadajoz.com\/\" target=\"_blank\" rel=\"external nofollow\"><strong>Club del Caminante de Badajoz.<\/strong><\/a><\/p>\n<p><strong>Para m\u00e1s informaci\u00f3n de la zona:<\/strong> Oficina de Turismo de Llerena (924 870 551); www.llerena.org; <a href=\"www.turismoextremadura.com.\"><strong>www.turismoextremadura.com.<\/strong><\/a><\/p>\n<p>&nbsp;<\/p>\n<p>&nbsp;<\/p>\n<p>M\u00e1s informaci\u00f3n en la <a href=\"http:\/\/www.clubcaminantebadajoz.com\/\" target=\"_blank\" rel=\"external nofollow\"><strong>web del club<\/strong><\/a>.<\/p>\n<!-- AddThis Advanced Settings generic via filter on the_content --><!-- AddThis Share Buttons generic via filter on the_content -->","protected":false},"excerpt":{"rendered":"<p>El Club del Caminante de Badajoz visita esta primavera la Campi\u00f1a Sur de Extremadura. La ruta tendr\u00e1 lugar el pr\u00f3ximo 28 de abril.\u00a0 La comarca se encuentra en la parte meridional de la regi\u00f3n, lindante con Sierra Morena y las comarcas de Tierra de Barros, La Serena y Sierra Sur-Tentud\u00eda. La Mina de la Jayona, [&hellip;]<!-- AddThis Advanced Settings generic via filter on get_the_excerpt --><!-- AddThis Share Buttons generic via filter on get_the_excerpt --><\/p>\n","protected":false},"author":27,"featured_media":0,"comment_status":"open","ping_status":"closed","sticky":false,"template":"","format":"standard","meta":[],"categories":[4],"tags":[143,453,503,748,836,905],"_links":{"self":[{"href":"https:\/\/blogs.hoy.es\/senderosextremadura\/wp-json\/wp\/v2\/posts\/1553"}],"collection":[{"href":"https:\/\/blogs.hoy.es\/senderosextremadura\/wp-json\/wp\/v2\/posts"}],"about":[{"href":"https:\/\/blogs.hoy.es\/senderosextremadura\/wp-json\/wp\/v2\/types\/post"}],"author":[{"embeddable":true,"href":"https:\/\/blogs.hoy.es\/senderosextremadura\/wp-json\/wp\/v2\/users\/27"}],"replies":[{"embeddable":true,"href":"https:\/\/blogs.hoy.es\/senderosextremadura\/wp-json\/wp\/v2\/comments?post=1553"}],"version-history":[{"count":0,"href":"https:\/\/blogs.hoy.es\/senderosextremadura\/wp-json\/wp\/v2\/posts\/1553\/revisions"}],"wp:attachment":[{"href":"https:\/\/blogs.hoy.es\/senderosextremadura\/wp-json\/wp\/v2\/media?parent=1553"}],"wp:term":[{"taxonomy":"category","embeddable":true,"href":"https:\/\/blogs.hoy.es\/senderosextremadura\/wp-json\/wp\/v2\/categories?post=1553"},{"taxonomy":"post_tag","embeddable":true,"href":"https:\/\/blogs.hoy.es\/senderosextremadura\/wp-json\/wp\/v2\/tags?post=1553"}],"curies":[{"name":"wp","href":"https:\/\/api.w.org\/{rel}","templated":true}]}}