{"id":159,"date":"2012-03-09T00:52:29","date_gmt":"2012-03-09T00:52:29","guid":{"rendered":"http:\/\/blogs.hoy.es\/senderosextremadura\/?p=159"},"modified":"2012-03-09T00:52:29","modified_gmt":"2012-03-09T00:52:29","slug":"ix-ruta-duques-de-feria-25-de-marzo","status":"publish","type":"post","link":"https:\/\/blogs.hoy.es\/senderosextremadura\/2012\/03\/09\/ix-ruta-duques-de-feria-25-de-marzo\/","title":{"rendered":"IX Ruta Duques de Feria (25 de marzo)"},"content":{"rendered":"<h2><a href=\"\/senderosextremadura\/wp-content\/uploads\/sites\/22\/2012\/03\/Cartel-IX-Ruta-Duques-de-Feria1.jpg\"><img loading=\"lazy\" class=\"alignleft size-medium wp-image-161\" title=\"Cartel IX Ruta Duques de Feria\" src=\"\/senderosextremadura\/wp-content\/uploads\/sites\/22\/2012\/03\/Cartel-IX-Ruta-Duques-de-Feria1.jpg\" alt=\"\" width=\"199\" height=\"300\" srcset=\"https:\/\/static-blogs.hoy.es\/wp-content\/uploads\/sites\/22\/2012\/03\/Cartel-IX-Ruta-Duques-de-Feria1.jpg 534w, https:\/\/static-blogs.hoy.es\/wp-content\/uploads\/sites\/22\/2012\/03\/Cartel-IX-Ruta-Duques-de-Feria1-199x300.jpg 199w\" sizes=\"(max-width: 199px) 100vw, 199px\" \/><\/a>Os proponemos una nueva ruta para el domingo 25 de marzo. La <a href=\"http:\/\/www.senderismozafra.com\/\" target=\"_blank\" rel=\"external nofollow\"><strong>asociaci\u00f3n senderista\u00a0 \u201cEl Abuelino\u201d<\/strong><\/a>, de Zafra, celebra la<strong>\u00a0IX \u00a0Ruta Duques de Feria. <\/strong>La marcha\u00a0 recorrer\u00e1 caminos de la\u00a0comarca\u00a0de Zafra\u2013R\u00edo Bodi\u00f3n, entre las localidades de <strong>La Lapa, Alconera y Zafra<\/strong>. Esta prueba, de 22 kil\u00f3metros, est\u00e1 incluida en el <a href=\"https:\/\/blogs.hoy.es\/senderosextremadura\/2012\/02\/23\/calendario-del-circuito-extremeno-de-rutas-senderistas\/\"><strong>Circuito Extreme\u00f1o de Rutas Senderistas<\/strong><\/a>, patrocinado por Direcci\u00f3n General de Deportes y Alimentos de Extremadura; y gestionado por la <strong>FEXME<\/strong>. Los caminantes saldr\u00e1n del recinto ferial de Zafra. Las inscripciones son gratuitas (500) pueden realizarse hasta el 22 de marzo en la Casa de Cultura de Zafra (924554134).<\/h2>\n<h2>Dentro de los 22 kil\u00f3metros de recorrido, la ruta plantea dos alternativas de 11,5 y 18 kil\u00f3metros,\u00a0 respectivamente. En los puntos kilom\u00e9tricos mencionados podr\u00e1 abandonar la marcha si lo desea, siendo trasladados por la organizaci\u00f3n hasta el lugar de finalizaci\u00f3n de la ruta (Zafra). El recorrido cuenta con un interesante itinerario que transcurre por una de las zonas m\u00e1s bellas de la comarca. Hay que destacar el tramo por Sierra Gorda, por su situaci\u00f3n geogr\u00e1fica y gran riqueza medioambiental, con la existencia de un exuberante bosque mediterr\u00e1neo que posee una importante variedad floral, destacando la presencia de hasta 17 especies de orqu\u00eddeas, algunas de ellas end\u00e9micas.<\/h2>\n<h2>Durante el paso por Sierra Gorda habr\u00e1 que tener especial atenci\u00f3n para seguir las indicaciones de la Organizaci\u00f3n y por la irregularidad del terreno. Se aconseja no llevar pantal\u00f3n corto.<\/h2>\n<h2>El itinerario est\u00e1 destinado a personas que practiquen senderismo. No se recomienda la participaci\u00f3n de q<\/h2>\n<h2><a href=\"\/senderosextremadura\/wp-content\/uploads\/sites\/22\/2012\/03\/perfil-topografico.jpg\"><img loading=\"lazy\" class=\"size-medium wp-image-163 alignright\" title=\"perfil-topografico\" src=\"\/senderosextremadura\/wp-content\/uploads\/sites\/22\/2012\/03\/perfil-topografico.jpg\" alt=\"\" width=\"467\" height=\"110\" srcset=\"https:\/\/static-blogs.hoy.es\/wp-content\/uploads\/sites\/22\/2012\/03\/perfil-topografico.jpg 1280w, https:\/\/static-blogs.hoy.es\/wp-content\/uploads\/sites\/22\/2012\/03\/perfil-topografico-300x71.jpg 300w, https:\/\/static-blogs.hoy.es\/wp-content\/uploads\/sites\/22\/2012\/03\/perfil-topografico-768x182.jpg 768w, https:\/\/static-blogs.hoy.es\/wp-content\/uploads\/sites\/22\/2012\/03\/perfil-topografico-600x143.jpg 600w\" sizes=\"(max-width: 467px) 100vw, 467px\" \/><\/a><\/h2>\n<h2>uienes no est\u00e9n habituados a practicar dicho deporte.<\/h2>\n<h2>El paso por Sierra Gorda se efectuar\u00e1 de manera excepcional, con los permisos correspondientes, pues se trata de una zona privada y coto de caza. Al t\u00e9rmino de la marcha se retirar\u00e1n las se\u00f1ales, por lo que una vez finalizado este evento, se ruega no realizar posteriormente la ruta si no se cuenta con los permisos pertinentes.<\/h2>\n<p>&nbsp;<\/p>\n<p>&nbsp;<\/p>\n<h2>M\u00c1S INFORMACI\u00d3N:<\/h2>\n<h2><a href=\"http:\/\/www.senderismozafra.com\/\" rel=\"external nofollow\" target=\"_blank\">Asociaci\u00f3n Cultural y de Senderismo \u201cJos\u00e9 Medina. El Abuelino\u201d<\/a><\/h2>\n<h2>C\/ Huelva, 14. 06300 Zafra (Badajoz)<\/h2>\n<h2>Tel\u00e9fono: 924 55 41 34<\/h2>\n<h2>FAX: 924 55 28 04<\/h2>\n<h2>Emails: <a href=\"mailto:carlos.senderismozafra@hotmail.com\">carlos.senderismozafra@hotmail.com \u00a0<\/a> <a href=\"mailto:ABUELINO_ZAFRA@terra.es\">abuelino_zafra@terra.es<\/a><\/h2>\n<p>&nbsp;<\/p>\n<p><strong>SI QUIERES QUE TU RUTA SE PUBLIQUE AQU\u00cd, ESCRIBE A <a href=\"mailto:senderismoextremadurahoy@gmail.com\">senderismoextremadurahoy@gmail.com<\/a><\/strong><\/p>\n<p>&nbsp;<\/p>\n<!-- AddThis Advanced Settings generic via filter on the_content --><!-- AddThis Share Buttons generic via filter on the_content -->","protected":false},"excerpt":{"rendered":"<p>Os proponemos una nueva ruta para el domingo 25 de marzo. La asociaci\u00f3n senderista\u00a0 \u201cEl Abuelino\u201d, de Zafra, celebra la\u00a0IX \u00a0Ruta Duques de Feria. La marcha\u00a0 recorrer\u00e1 caminos de la\u00a0comarca\u00a0de Zafra\u2013R\u00edo Bodi\u00f3n, entre las localidades de La Lapa, Alconera y Zafra. Esta prueba, de 22 kil\u00f3metros, est\u00e1 incluida en el Circuito Extreme\u00f1o de Rutas Senderistas, [&hellip;]<!-- AddThis Advanced Settings generic via filter on get_the_excerpt --><!-- AddThis Share Buttons generic via filter on get_the_excerpt --><\/p>\n","protected":false},"author":27,"featured_media":0,"comment_status":"open","ping_status":"closed","sticky":false,"template":"","format":"standard","meta":[],"categories":[4],"tags":[],"_links":{"self":[{"href":"https:\/\/blogs.hoy.es\/senderosextremadura\/wp-json\/wp\/v2\/posts\/159"}],"collection":[{"href":"https:\/\/blogs.hoy.es\/senderosextremadura\/wp-json\/wp\/v2\/posts"}],"about":[{"href":"https:\/\/blogs.hoy.es\/senderosextremadura\/wp-json\/wp\/v2\/types\/post"}],"author":[{"embeddable":true,"href":"https:\/\/blogs.hoy.es\/senderosextremadura\/wp-json\/wp\/v2\/users\/27"}],"replies":[{"embeddable":true,"href":"https:\/\/blogs.hoy.es\/senderosextremadura\/wp-json\/wp\/v2\/comments?post=159"}],"version-history":[{"count":0,"href":"https:\/\/blogs.hoy.es\/senderosextremadura\/wp-json\/wp\/v2\/posts\/159\/revisions"}],"wp:attachment":[{"href":"https:\/\/blogs.hoy.es\/senderosextremadura\/wp-json\/wp\/v2\/media?parent=159"}],"wp:term":[{"taxonomy":"category","embeddable":true,"href":"https:\/\/blogs.hoy.es\/senderosextremadura\/wp-json\/wp\/v2\/categories?post=159"},{"taxonomy":"post_tag","embeddable":true,"href":"https:\/\/blogs.hoy.es\/senderosextremadura\/wp-json\/wp\/v2\/tags?post=159"}],"curies":[{"name":"wp","href":"https:\/\/api.w.org\/{rel}","templated":true}]}}