{"id":1595,"date":"2013-04-17T11:49:41","date_gmt":"2013-04-17T11:49:41","guid":{"rendered":"http:\/\/blogs.hoy.es\/senderosextremadura\/?p=1595"},"modified":"2013-04-17T11:49:41","modified_gmt":"2013-04-17T11:49:41","slug":"ii-ruta-verde-de-caceres-21-de-abril","status":"publish","type":"post","link":"https:\/\/blogs.hoy.es\/senderosextremadura\/2013\/04\/17\/ii-ruta-verde-de-caceres-21-de-abril\/","title":{"rendered":"II Ruta Verde de C\u00e1ceres (21 de abril)"},"content":{"rendered":"<p>La <a href=\"http:\/\/www.ayto-caceres.es\/\" target=\"_blank\" rel=\"external nofollow\"><strong>Concejal\u00eda de Deportes del Ayuntamiento de C\u00e1ceres<\/strong><\/a> ha organizado una ruta de senderismo para el pr\u00f3ximo fin de semana. Tendr\u00e1 lugar el 21 de abril por los alrededores de la ciudad. En total se recorrer\u00e1n 37 kil\u00f3metros en un recorrido de dificultad media.<\/p>\n<p><a href=\"https:\/\/blogs.hoy.es\/senderosextremadura\/2013\/04\/17\/ii-ruta-verde-de-caceres-21-de-abril\/ruta-verde-caceres6_n-2\/\" rel=\"attachment wp-att-1597\"><img loading=\"lazy\" class=\"aligncenter size-large wp-image-1597\" title=\"\" src=\"\/senderosextremadura\/wp-content\/uploads\/sites\/22\/2013\/04\/ruta-verde-caceres6_n1.jpg\" alt=\"\" width=\"600\" height=\"850\" srcset=\"https:\/\/static-blogs.hoy.es\/wp-content\/uploads\/sites\/22\/2013\/04\/ruta-verde-caceres6_n1.jpg 677w, https:\/\/static-blogs.hoy.es\/wp-content\/uploads\/sites\/22\/2013\/04\/ruta-verde-caceres6_n1-212x300.jpg 212w, https:\/\/static-blogs.hoy.es\/wp-content\/uploads\/sites\/22\/2013\/04\/ruta-verde-caceres6_n1-600x851.jpg 600w\" sizes=\"(max-width: 600px) 100vw, 600px\" \/><\/a><\/p>\n<p>&nbsp;<\/p>\n<p>&nbsp;<\/p>\n<p>&nbsp;<\/p>\n<p>&nbsp;<\/p>\n<!-- AddThis Advanced Settings generic via filter on the_content --><!-- AddThis Share Buttons generic via filter on the_content -->","protected":false},"excerpt":{"rendered":"<p>La Concejal\u00eda de Deportes del Ayuntamiento de C\u00e1ceres ha organizado una ruta de senderismo para el pr\u00f3ximo fin de semana. Tendr\u00e1 lugar el 21 de abril por los alrededores de la ciudad. En total se recorrer\u00e1n 37 kil\u00f3metros en un recorrido de dificultad media. &nbsp; &nbsp; &nbsp; &nbsp;<!-- AddThis Advanced Settings generic via filter on get_the_excerpt --><!-- AddThis Share Buttons generic via filter on get_the_excerpt --><\/p>\n","protected":false},"author":27,"featured_media":0,"comment_status":"open","ping_status":"closed","sticky":false,"template":"","format":"standard","meta":[],"categories":[4],"tags":[821,836,917],"_links":{"self":[{"href":"https:\/\/blogs.hoy.es\/senderosextremadura\/wp-json\/wp\/v2\/posts\/1595"}],"collection":[{"href":"https:\/\/blogs.hoy.es\/senderosextremadura\/wp-json\/wp\/v2\/posts"}],"about":[{"href":"https:\/\/blogs.hoy.es\/senderosextremadura\/wp-json\/wp\/v2\/types\/post"}],"author":[{"embeddable":true,"href":"https:\/\/blogs.hoy.es\/senderosextremadura\/wp-json\/wp\/v2\/users\/27"}],"replies":[{"embeddable":true,"href":"https:\/\/blogs.hoy.es\/senderosextremadura\/wp-json\/wp\/v2\/comments?post=1595"}],"version-history":[{"count":0,"href":"https:\/\/blogs.hoy.es\/senderosextremadura\/wp-json\/wp\/v2\/posts\/1595\/revisions"}],"wp:attachment":[{"href":"https:\/\/blogs.hoy.es\/senderosextremadura\/wp-json\/wp\/v2\/media?parent=1595"}],"wp:term":[{"taxonomy":"category","embeddable":true,"href":"https:\/\/blogs.hoy.es\/senderosextremadura\/wp-json\/wp\/v2\/categories?post=1595"},{"taxonomy":"post_tag","embeddable":true,"href":"https:\/\/blogs.hoy.es\/senderosextremadura\/wp-json\/wp\/v2\/tags?post=1595"}],"curies":[{"name":"wp","href":"https:\/\/api.w.org\/{rel}","templated":true}]}}