{"id":1613,"date":"2013-04-18T08:25:24","date_gmt":"2013-04-18T08:25:24","guid":{"rendered":"http:\/\/blogs.hoy.es\/senderosextremadura\/?p=1613"},"modified":"2013-04-18T08:25:24","modified_gmt":"2013-04-18T08:25:24","slug":"ruta-barrado-robledal-de-la-solana-en-zarza-la-mayor-21-de-abril","status":"publish","type":"post","link":"https:\/\/blogs.hoy.es\/senderosextremadura\/2013\/04\/18\/ruta-barrado-robledal-de-la-solana-en-zarza-la-mayor-21-de-abril\/","title":{"rendered":"Sierra de Tormantos,  robles entre el Jerte y La Vera (21 de abril)"},"content":{"rendered":"<p><a href=\"https:\/\/blogs.hoy.es\/senderosextremadura\/2013\/04\/18\/ruta-barrado-robledal-de-la-solana-en-zarza-la-mayor-21-de-abril\/tormantos-2\/\" rel=\"attachment wp-att-1616\"><img loading=\"lazy\" class=\"aligncenter size-large wp-image-1616\" title=\"\" src=\"\/senderosextremadura\/wp-content\/uploads\/sites\/22\/2013\/04\/tormantos1.jpg\" alt=\"\" width=\"600\" height=\"450\" srcset=\"https:\/\/static-blogs.hoy.es\/wp-content\/uploads\/sites\/22\/2013\/04\/tormantos1.jpg 1600w, https:\/\/static-blogs.hoy.es\/wp-content\/uploads\/sites\/22\/2013\/04\/tormantos1-300x225.jpg 300w, https:\/\/static-blogs.hoy.es\/wp-content\/uploads\/sites\/22\/2013\/04\/tormantos1-768x576.jpg 768w, https:\/\/static-blogs.hoy.es\/wp-content\/uploads\/sites\/22\/2013\/04\/tormantos1-600x450.jpg 600w\" sizes=\"(max-width: 600px) 100vw, 600px\" \/><\/a><\/p>\n<p>Organizado conjuntamente por el <strong>Ayuntamiento de la localidad cacere\u00f1a de Zarza la Mayor<\/strong> y el programa de <strong>Dinamizaci\u00f3n Deportiva de la <a href=\"http:\/\/www.riveradefresnedosa.es\/\" target=\"_blank\" rel=\"external nofollow\">Mancomunidad Rivera de Fresnedosa<\/a><\/strong><a href=\"http:\/\/www.riveradefresnedosa.es\/\" target=\"_blank\" rel=\"external nofollow\">, <\/a>se ha elaborado una ruta senderista para el pr\u00f3ximo domingo, 21 abril. Denominada <strong>Barrado-Robledal de la Solana<\/strong>, discurre por los bellos paisajes monta\u00f1osos de la <strong>Sierra de Tormantos<\/strong>, entre las comarcas <strong>Valle del Jerte y La Vera<\/strong>. Catalogada como una de las rutas m\u00e1s atractivas, en la que los senderistas gozar\u00e1n del privilegio de pasear por el que se considera uno de los bosques de robles m\u00e1s al sur de la pen\u00ednsula ib\u00e9rica.<!--more-->El recorrido tiene una distancia de 15,2 kil\u00f3metros, con un desnivel m\u00e1ximo de 200 metros. La dificultad es baja, apta para todas las edades. Se estima una duraci\u00f3n de cuatro horas. Recomendable llevar calzado y ropa c\u00f3moda. Todas las personas interesadas en participar, deben realizar su inscripci\u00f3n en las oficinas del Ayuntamiento de Zarza la Mayor, abonando un importe de 10 euros, el cual incluye transporte en autob\u00fas y seguro de accidente. La fecha l\u00edmite para inscribirse es ma\u00f1ana viernes, 19 de abril.<\/p>\n<p>Fuente: Juan Ram\u00f3n Negro Gal\u00e1n.<\/p>\n<!-- AddThis Advanced Settings generic via filter on the_content --><!-- AddThis Share Buttons generic via filter on the_content -->","protected":false},"excerpt":{"rendered":"<p>Organizado conjuntamente por el Ayuntamiento de la localidad cacere\u00f1a de Zarza la Mayor y el programa de Dinamizaci\u00f3n Deportiva de la Mancomunidad Rivera de Fresnedosa, se ha elaborado una ruta senderista para el pr\u00f3ximo domingo, 21 abril. Denominada Barrado-Robledal de la Solana, discurre por los bellos paisajes monta\u00f1osos de la Sierra de Tormantos, entre las [&hellip;]<!-- AddThis Advanced Settings generic via filter on get_the_excerpt --><!-- AddThis Share Buttons generic via filter on get_the_excerpt --><\/p>\n","protected":false},"author":27,"featured_media":0,"comment_status":"open","ping_status":"closed","sticky":false,"template":"","format":"standard","meta":[],"categories":[4],"tags":[700,1117],"_links":{"self":[{"href":"https:\/\/blogs.hoy.es\/senderosextremadura\/wp-json\/wp\/v2\/posts\/1613"}],"collection":[{"href":"https:\/\/blogs.hoy.es\/senderosextremadura\/wp-json\/wp\/v2\/posts"}],"about":[{"href":"https:\/\/blogs.hoy.es\/senderosextremadura\/wp-json\/wp\/v2\/types\/post"}],"author":[{"embeddable":true,"href":"https:\/\/blogs.hoy.es\/senderosextremadura\/wp-json\/wp\/v2\/users\/27"}],"replies":[{"embeddable":true,"href":"https:\/\/blogs.hoy.es\/senderosextremadura\/wp-json\/wp\/v2\/comments?post=1613"}],"version-history":[{"count":0,"href":"https:\/\/blogs.hoy.es\/senderosextremadura\/wp-json\/wp\/v2\/posts\/1613\/revisions"}],"wp:attachment":[{"href":"https:\/\/blogs.hoy.es\/senderosextremadura\/wp-json\/wp\/v2\/media?parent=1613"}],"wp:term":[{"taxonomy":"category","embeddable":true,"href":"https:\/\/blogs.hoy.es\/senderosextremadura\/wp-json\/wp\/v2\/categories?post=1613"},{"taxonomy":"post_tag","embeddable":true,"href":"https:\/\/blogs.hoy.es\/senderosextremadura\/wp-json\/wp\/v2\/tags?post=1613"}],"curies":[{"name":"wp","href":"https:\/\/api.w.org\/{rel}","templated":true}]}}