{"id":1617,"date":"2013-04-18T10:00:35","date_gmt":"2013-04-18T10:00:35","guid":{"rendered":"http:\/\/blogs.hoy.es\/senderosextremadura\/?p=1617"},"modified":"2013-04-18T10:00:35","modified_gmt":"2013-04-18T10:00:35","slug":"ii-ruta-trasierra-de-colomote-entre-jaras-encinas-y-jaguarzos-21-de-abril","status":"publish","type":"post","link":"https:\/\/blogs.hoy.es\/senderosextremadura\/2013\/04\/18\/ii-ruta-trasierra-de-colomote-entre-jaras-encinas-y-jaguarzos-21-de-abril\/","title":{"rendered":"II Ruta Trasierra de Colomote, entre jaras, encinas y jaguarzos (21 de abril)"},"content":{"rendered":"<p><a href=\"https:\/\/blogs.hoy.es\/senderosextremadura\/2013\/04\/18\/ii-ruta-trasierra-de-colomote-entre-jaras-encinas-y-jaguarzos-21-de-abril\/web-calamonte-2012\/\" rel=\"attachment wp-att-1618\"><img loading=\"lazy\" class=\"aligncenter size-full wp-image-1618\" title=\"\" src=\"\/senderosextremadura\/wp-content\/uploads\/sites\/22\/2013\/04\/Web-Calamonte-2012.jpg\" alt=\"\" width=\"400\" height=\"268\" srcset=\"https:\/\/static-blogs.hoy.es\/wp-content\/uploads\/sites\/22\/2013\/04\/Web-Calamonte-2012.jpg 400w, https:\/\/static-blogs.hoy.es\/wp-content\/uploads\/sites\/22\/2013\/04\/Web-Calamonte-2012-300x201.jpg 300w\" sizes=\"(max-width: 400px) 100vw, 400px\" \/><\/a><\/p>\n<p>El <a href=\"http:\/\/www.telefonica.net\/web2\/senderismoemeritaaugusta\/informacion%20rutas\/II%20Ruta%20Trasierra%20de%20Colomonte%20.html\" rel=\"external nofollow\"><strong>Club de Senderismo Em\u00e9rita Augusta<\/strong><\/a> ha programado para este fin de semana la <strong>II Ruta Trasierra de Colomote<\/strong>, en la vecina localidad pacense de Calamonte. Se trata de una marcha de 16,5 kil\u00f3metros con una alternativa de 11.\u00a0 Despu\u00e9s de la marcha se degustar\u00e1 una paella.<\/p>\n<p>Se tiene conocimiento del uso del t\u00e9rmino &#8220;Colomonte&#8221; a trav\u00e9s del &#8220;<strong>Libro de la Monter\u00eda&#8221; de Alfonso XI<\/strong>, donde dice: &#8220;La Sierra de Colomonte la Mayor es buena monte de puercos en invierno y en tiempo de verano en panes. Y yo gular\u00e9 el venado de contra de M\u00e9rida, hasta encima de la sierra. Y es la armada al pie del lomo de Colomonte&#8221;.<\/p>\n<p>Los participantes en esta ruta saldr\u00e1n en coches particulares hacia el punto de inicio, aparcando los veh\u00edculos en la explanada superior de El Pocito. Desde all\u00ed, ya a pie, se dirigir\u00e1n hacia la entrada a la finca La Rinconada (La Traca), sin entrar girar\u00e1n a la izquierda, e iniciar\u00e1n el ascenso a la Sierra de Colomonte (Las Cabrerizas) por un sendero, rumbo al moj\u00f3n La Piedra Blanca, para descrestar por la conocida\u00a0 Vereda de Vicente.\u00a0 A continuaci\u00f3n se desciende por el claro de la ladera hacia la finca La Hoyada (La Piojosa), girando hacia la derecha, para conectar con el camino de\u00a0 la Hoja de Ac\u00e1. Continuamos por \u00e9l, tomando el primer camino a la derecha hacia el Pozo de la Piojosa. Tras cruzar el arroyo, se asciende suavemente hasta la Majada de Sebasti\u00e1n(4.2 km)<\/p>\n<p>M\u00e1s detalles del recorrido en la <a href=\"http:\/\/www.telefonica.net\/web2\/senderismoemeritaaugusta\/informacion%20rutas\/II%20Ruta%20Trasierra%20de%20Colomonte%20.html\" rel=\"external nofollow\"><strong>web del club.<\/strong> <\/a><\/p>\n<p><strong><span style=\"text-decoration: underline;\">ENTORNO: <\/span><\/strong><\/p>\n<p>Nada m\u00e1s iniciar la ruta nos\u00a0 encontramos a pie de sierra, rodeados de encinas, jara pringosa, jaguarzo morisco, jaguarzo prieto, jara blanca, jaguarzo negro, charnecas, aulagas, retamas y dem\u00e1s especies del bosque mediterr\u00e1neo, \u00a0que nos acompa\u00f1aran a lo largo de todo el camino, excepto cuando crucemos la finca de La Hoyada, en la cual se observan parcelas de labor sembradas de cereales y reba\u00f1os de cabras y ovejas \u00a0pastando. Tambi\u00e9n podremos observar un peque\u00f1o alcornocal, en el paraje\u00a0 de Las Excavaciones, lugar que anta\u00f1o proporcionaba tierra para la fabricaci\u00f3n de ladrillos en los hornos que exist\u00edan en sus proximidades, hoy en ruinas.<\/p>\n<p><strong>\u00a0INSCRIPCIONES<\/strong><\/p>\n<p>Hasta el 18 de abril<\/p>\n<p>ESTADIO ROMANO, Fondo Sur, Sala n\u00ba 3 M\u00c9RIDA. Telefonos: 924388072 y 607375796.<\/p>\n<p>De martes a viernes y de 19 a 21 horas.<\/p>\n<!-- AddThis Advanced Settings generic via filter on the_content --><!-- AddThis Share Buttons generic via filter on the_content -->","protected":false},"excerpt":{"rendered":"<p>El Club de Senderismo Em\u00e9rita Augusta ha programado para este fin de semana la II Ruta Trasierra de Colomote, en la vecina localidad pacense de Calamonte. Se trata de una marcha de 16,5 kil\u00f3metros con una alternativa de 11.\u00a0 Despu\u00e9s de la marcha se degustar\u00e1 una paella. Se tiene conocimiento del uso del t\u00e9rmino &#8220;Colomonte&#8221; [&hellip;]<!-- AddThis Advanced Settings generic via filter on get_the_excerpt --><!-- AddThis Share Buttons generic via filter on get_the_excerpt --><\/p>\n","protected":false},"author":27,"featured_media":0,"comment_status":"open","ping_status":"closed","sticky":false,"template":"","format":"standard","meta":[],"categories":[4],"tags":[],"_links":{"self":[{"href":"https:\/\/blogs.hoy.es\/senderosextremadura\/wp-json\/wp\/v2\/posts\/1617"}],"collection":[{"href":"https:\/\/blogs.hoy.es\/senderosextremadura\/wp-json\/wp\/v2\/posts"}],"about":[{"href":"https:\/\/blogs.hoy.es\/senderosextremadura\/wp-json\/wp\/v2\/types\/post"}],"author":[{"embeddable":true,"href":"https:\/\/blogs.hoy.es\/senderosextremadura\/wp-json\/wp\/v2\/users\/27"}],"replies":[{"embeddable":true,"href":"https:\/\/blogs.hoy.es\/senderosextremadura\/wp-json\/wp\/v2\/comments?post=1617"}],"version-history":[{"count":0,"href":"https:\/\/blogs.hoy.es\/senderosextremadura\/wp-json\/wp\/v2\/posts\/1617\/revisions"}],"wp:attachment":[{"href":"https:\/\/blogs.hoy.es\/senderosextremadura\/wp-json\/wp\/v2\/media?parent=1617"}],"wp:term":[{"taxonomy":"category","embeddable":true,"href":"https:\/\/blogs.hoy.es\/senderosextremadura\/wp-json\/wp\/v2\/categories?post=1617"},{"taxonomy":"post_tag","embeddable":true,"href":"https:\/\/blogs.hoy.es\/senderosextremadura\/wp-json\/wp\/v2\/tags?post=1617"}],"curies":[{"name":"wp","href":"https:\/\/api.w.org\/{rel}","templated":true}]}}