{"id":1636,"date":"2013-04-23T08:40:07","date_gmt":"2013-04-23T08:40:07","guid":{"rendered":"http:\/\/blogs.hoy.es\/senderosextremadura\/?p=1636"},"modified":"2013-04-23T08:40:07","modified_gmt":"2013-04-23T08:40:07","slug":"ruta-del-rey-jayin-xiii-travesia-de-la-campina-sur-28-de-abril","status":"publish","type":"post","link":"https:\/\/blogs.hoy.es\/senderosextremadura\/2013\/04\/23\/ruta-del-rey-jayin-xiii-travesia-de-la-campina-sur-28-de-abril\/","title":{"rendered":"Ruta del Rey Jay\u00f3n, XIII Traves\u00eda de la Campi\u00f1a Sur (28 de abril)"},"content":{"rendered":"<p><a href=\"https:\/\/blogs.hoy.es\/senderosextremadura\/\"><img loading=\"lazy\" class=\"alignright  wp-image-1639\" title=\"\" src=\"\/senderosextremadura\/wp-content\/uploads\/sites\/22\/2013\/04\/travesia7.jpg\" alt=\"\" width=\"343\" height=\"479\" srcset=\"https:\/\/static-blogs.hoy.es\/wp-content\/uploads\/sites\/22\/2013\/04\/travesia7.jpg 500w, https:\/\/static-blogs.hoy.es\/wp-content\/uploads\/sites\/22\/2013\/04\/travesia7-214x300.jpg 214w\" sizes=\"(max-width: 343px) 100vw, 343px\" \/><\/a>El domingo 28 de abril se celebra la<strong> XIII Traves\u00eda de la Campi\u00f1a Sur, Ruta del Rey Jay\u00f3n.<\/strong> Puedes inscribirte facilitanto nombre, apellidos, direcci\u00f3n y localidad de procedencia en el email\u00a0<strong><a href=\"mailto:oficinaturismo@llerena.org\">oficinaturismo@llerena.org<\/a><\/strong>\u00a0o bien personalmente en la Oficina Municipal de Turismo de Llerena. Ya son 600 las personas incritas.<br \/>\nLa Ruta del Rey Jay\u00f3n se afianza como una de las primeras concentraciones senderistas de nuestra regi\u00f3n, y est\u00e1 organizada por los ayuntamientos de Llerena, Casas de Reina, Reina, Fuente del Arco, y por supuesto por la asociaci\u00f3n de senderismo Tomillo y Or\u00e9gano de Llerena, adem\u00e1s de contar con el patrocinio de la <strong>Diputaci\u00f3n de Badajoz<\/strong> a trav\u00e9s del Patronato Provincial de Turismo, y la colaboraci\u00f3n de casas comerciales de Llerena y comarca.<br \/>\n<strong>INFORMACI\u00d3N DE LA TRAVES\u00cdA<\/strong><br \/>\nLa salida se dar\u00e1 en la Plaza de Espa\u00f1a de Llerena desde las 7.30 h. hasta las 8.45 h. donde los senderistas deber\u00e1n recoger una identificaci\u00f3n con un n\u00famero de control que deber\u00e1n llevar durante todo el recorrido.<br \/>\nDesde la Plaza Mayor la organizaci\u00f3n trasladar\u00e1 a todos los participantes en autob\u00fas hasta la Mina de la Jayona, punto de inicio de la traves\u00eda, donde se visitar\u00e1 un nivel; el siguiente punto de inter\u00e9s se encuentra en la ermita de la Virgen del Ara, de estilo mud\u00e9jar; desde aqu\u00ed continua el camino por la Alcornocosa, con un paisaje de singular belleza, hasta llegar a la localidad de Reina, donde subiremos\u00a0 a su espl\u00e9ndida alcazaba \u00e1rabe; descenderemos posteriormente hasta la ciudad romana de Regina, donde est\u00e1 establecido el \u00fanico punto intermedio de abandono voluntario. Atravesamos la localidad de Casas de Reina, donde se puede visitar el Centro de Recepci\u00f3n de Informaci\u00f3n Tur\u00edstica de Regina, para ir alcanzando de nuevo altura hasta el collado de la sierra, desde el que, en suave descenso por ancestrales caminos \u201centreparedes\u201d, rodeados de una exuberante vegetaci\u00f3n, llegaremos a nuestro destino, la Plaza Mayor de Llerena, completando un total de 24 kil\u00f3metros.<br \/>\nLa organizaci\u00f3n dispondr\u00e1 de dos puntos de avituallamiento donde se dar\u00e1 a los participantes agua y una pieza de fruta.<\/p>\n<!-- AddThis Advanced Settings generic via filter on the_content --><!-- AddThis Share Buttons generic via filter on the_content -->","protected":false},"excerpt":{"rendered":"<p>El domingo 28 de abril se celebra la XIII Traves\u00eda de la Campi\u00f1a Sur, Ruta del Rey Jay\u00f3n. Puedes inscribirte facilitanto nombre, apellidos, direcci\u00f3n y localidad de procedencia en el email\u00a0oficinaturismo@llerena.org\u00a0o bien personalmente en la Oficina Municipal de Turismo de Llerena. Ya son 600 las personas incritas. La Ruta del Rey Jay\u00f3n se afianza como [&hellip;]<!-- AddThis Advanced Settings generic via filter on get_the_excerpt --><!-- AddThis Share Buttons generic via filter on get_the_excerpt --><\/p>\n","protected":false},"author":27,"featured_media":0,"comment_status":"open","ping_status":"closed","sticky":false,"template":"","format":"standard","meta":[],"categories":[4],"tags":[],"_links":{"self":[{"href":"https:\/\/blogs.hoy.es\/senderosextremadura\/wp-json\/wp\/v2\/posts\/1636"}],"collection":[{"href":"https:\/\/blogs.hoy.es\/senderosextremadura\/wp-json\/wp\/v2\/posts"}],"about":[{"href":"https:\/\/blogs.hoy.es\/senderosextremadura\/wp-json\/wp\/v2\/types\/post"}],"author":[{"embeddable":true,"href":"https:\/\/blogs.hoy.es\/senderosextremadura\/wp-json\/wp\/v2\/users\/27"}],"replies":[{"embeddable":true,"href":"https:\/\/blogs.hoy.es\/senderosextremadura\/wp-json\/wp\/v2\/comments?post=1636"}],"version-history":[{"count":0,"href":"https:\/\/blogs.hoy.es\/senderosextremadura\/wp-json\/wp\/v2\/posts\/1636\/revisions"}],"wp:attachment":[{"href":"https:\/\/blogs.hoy.es\/senderosextremadura\/wp-json\/wp\/v2\/media?parent=1636"}],"wp:term":[{"taxonomy":"category","embeddable":true,"href":"https:\/\/blogs.hoy.es\/senderosextremadura\/wp-json\/wp\/v2\/categories?post=1636"},{"taxonomy":"post_tag","embeddable":true,"href":"https:\/\/blogs.hoy.es\/senderosextremadura\/wp-json\/wp\/v2\/tags?post=1636"}],"curies":[{"name":"wp","href":"https:\/\/api.w.org\/{rel}","templated":true}]}}