{"id":1644,"date":"2013-04-23T10:51:15","date_gmt":"2013-04-23T10:51:15","guid":{"rendered":"http:\/\/blogs.hoy.es\/senderosextremadura\/?p=1644"},"modified":"2013-04-23T10:51:15","modified_gmt":"2013-04-23T10:51:15","slug":"buscando-la-rosa-de-alejandria-por-la-sierra-de-alor-28-de-abril","status":"publish","type":"post","link":"https:\/\/blogs.hoy.es\/senderosextremadura\/2013\/04\/23\/buscando-la-rosa-de-alejandria-por-la-sierra-de-alor-28-de-abril\/","title":{"rendered":"En busca de la rosa de Alejandr\u00eda por la Sierra de Alor (28 de abril)"},"content":{"rendered":"<p><a href=\"https:\/\/blogs.hoy.es\/senderosextremadura\/\"><img loading=\"lazy\" class=\"alignright  wp-image-1645\" title=\"Ejemplar de rosa de Alejandr\u00eda\" src=\"\/senderosextremadura\/wp-content\/uploads\/sites\/22\/2013\/04\/rosa-7.jpg\" alt=\"\" width=\"376\" height=\"248\" srcset=\"https:\/\/static-blogs.hoy.es\/wp-content\/uploads\/sites\/22\/2013\/04\/rosa-7.jpg 550w, https:\/\/static-blogs.hoy.es\/wp-content\/uploads\/sites\/22\/2013\/04\/rosa-7-300x199.jpg 300w\" sizes=\"(max-width: 376px) 100vw, 376px\" \/><\/a>Uno de los mayores atractivos de <strong>caminar por Extremadura<\/strong> estos d\u00edas es contemplar su espectacular verde recubierto por un <strong>variado manto de flores<\/strong>. Ahora se presenta la ocasi\u00f3n \u00fanica para ver la <strong>rosa de Alejandr\u00eda<\/strong> o rosa turca, como popularmente se conoce a la <strong>rosa damascena<\/strong>. Los senderistas del club oliventino <a href=\"http:\/\/www.clubsenderistaolivenza.es\/\" target=\"_blank\" rel=\"external nofollow\"><strong>Prisi\u00f1as<\/strong> <\/a>salen este domingo <strong>28 de abrril a la Sierra de Alor<\/strong> para descubrir esta hermosa flor y fotografiarla con detenimiento. Si te gusta la enorme biodiversidad que exhibe nuestra tierra, tienes ahora ocasi\u00f3n de acompa\u00f1ar en la ruta a este estupendo <strong>grupo de amigos.<\/strong> Aunque no se requiere inscripci\u00f3n, estar\u00eda bien que les avisaras a trav\u00e9s del m\u00f3vil<strong> 625 335 263<\/strong> o v\u00eda mail en <a href=\"mailto:clubsenderistaolivenza@yahoo.es\" target=\"_blank\"><strong>clubsenderistaolivenza@yahoo.es<\/strong><\/a>. Despu\u00e9s de la ruta se degustar\u00e1 una paella, cortes\u00eda\u00a0 del Hotel Heredero, en Olivenza.<\/p>\n<p>&nbsp;<\/p>\n<!-- AddThis Advanced Settings generic via filter on the_content --><!-- AddThis Share Buttons generic via filter on the_content -->","protected":false},"excerpt":{"rendered":"<p>Uno de los mayores atractivos de caminar por Extremadura estos d\u00edas es contemplar su espectacular verde recubierto por un variado manto de flores. Ahora se presenta la ocasi\u00f3n \u00fanica para ver la rosa de Alejandr\u00eda o rosa turca, como popularmente se conoce a la rosa damascena. Los senderistas del club oliventino Prisi\u00f1as salen este domingo [&hellip;]<!-- AddThis Advanced Settings generic via filter on get_the_excerpt --><!-- AddThis Share Buttons generic via filter on get_the_excerpt --><\/p>\n","protected":false},"author":27,"featured_media":0,"comment_status":"open","ping_status":"closed","sticky":false,"template":"","format":"standard","meta":[],"categories":[4],"tags":[220,319,587,708,817,836,972],"_links":{"self":[{"href":"https:\/\/blogs.hoy.es\/senderosextremadura\/wp-json\/wp\/v2\/posts\/1644"}],"collection":[{"href":"https:\/\/blogs.hoy.es\/senderosextremadura\/wp-json\/wp\/v2\/posts"}],"about":[{"href":"https:\/\/blogs.hoy.es\/senderosextremadura\/wp-json\/wp\/v2\/types\/post"}],"author":[{"embeddable":true,"href":"https:\/\/blogs.hoy.es\/senderosextremadura\/wp-json\/wp\/v2\/users\/27"}],"replies":[{"embeddable":true,"href":"https:\/\/blogs.hoy.es\/senderosextremadura\/wp-json\/wp\/v2\/comments?post=1644"}],"version-history":[{"count":0,"href":"https:\/\/blogs.hoy.es\/senderosextremadura\/wp-json\/wp\/v2\/posts\/1644\/revisions"}],"wp:attachment":[{"href":"https:\/\/blogs.hoy.es\/senderosextremadura\/wp-json\/wp\/v2\/media?parent=1644"}],"wp:term":[{"taxonomy":"category","embeddable":true,"href":"https:\/\/blogs.hoy.es\/senderosextremadura\/wp-json\/wp\/v2\/categories?post=1644"},{"taxonomy":"post_tag","embeddable":true,"href":"https:\/\/blogs.hoy.es\/senderosextremadura\/wp-json\/wp\/v2\/tags?post=1644"}],"curies":[{"name":"wp","href":"https:\/\/api.w.org\/{rel}","templated":true}]}}