{"id":165,"date":"2012-03-09T22:25:32","date_gmt":"2012-03-09T22:25:32","guid":{"rendered":"http:\/\/blogs.hoy.es\/senderosextremadura\/?p=165"},"modified":"2012-03-09T22:25:32","modified_gmt":"2012-03-09T22:25:32","slug":"ruta-por-la-sierra-de-gata-11-de-marzo","status":"publish","type":"post","link":"https:\/\/blogs.hoy.es\/senderosextremadura\/2012\/03\/09\/ruta-por-la-sierra-de-gata-11-de-marzo\/","title":{"rendered":"Ruta por la Sierra de Gata (11 de marzo)"},"content":{"rendered":"<h2><a href=\"\/senderosextremadura\/wp-content\/uploads\/sites\/22\/2012\/03\/torres1.jpg\"><img loading=\"lazy\" class=\"size-medium wp-image-167 alignleft\" title=\"torres\" src=\"\/senderosextremadura\/wp-content\/uploads\/sites\/22\/2012\/03\/torres1.jpg\" alt=\"\" width=\"237\" height=\"415\" srcset=\"https:\/\/static-blogs.hoy.es\/wp-content\/uploads\/sites\/22\/2012\/03\/torres1.jpg 400w, https:\/\/static-blogs.hoy.es\/wp-content\/uploads\/sites\/22\/2012\/03\/torres1-171x300.jpg 171w\" sizes=\"(max-width: 237px) 100vw, 237px\" \/><\/a>La asociaci\u00f3n de senderismo de Moraleja realizar\u00e1 una ruta por la Sierra Gata, en contreto la de Almenara- Torre de Don Miguel. La marcha tiene dificultad media- alta y un recorrido aproximado de 15 kil\u00f3metros. Los socios pagaran 5 euros y los no socios 10 euros. La salida tendr\u00e1 lugar el domingo 11 de marzo desde la parada del autob\u00fas a partir de las 9 de la ma\u00f1ana.<\/h2>\n<h2>La torre de la Almenara se encuentra en una de las zonas m\u00e1s escarpadas de Gata. Su nombre \u00e1rabe significa &#8220;fortaleza&#8221;. En 1.212 Alfonso IX de Le\u00f3n se la arrebat\u00f3 a los moros, junto con el castillo de Santib\u00e1\u00f1ez, de donde depend\u00eda esta torre. Posteriormente estas fortalezas fueron entregadas para su custodia a la Orden Militar de Alc\u00e1ntara. Seg\u00fan la visita que se hizo a la fortaleza el 29 de julio de 1.549, exist\u00eda una barrera de piedra seca alrededor de la torre. Dentro del recinto, junto a las murallas, se encontraban las caballerizas, con dos habitaciones encima y la torre del homenaje, \u00fanico resto persistente en la actualidad. La torre ocupa el punto m\u00e1s alto del escarpado cerro.<\/h2>\n<!-- AddThis Advanced Settings generic via filter on the_content --><!-- AddThis Share Buttons generic via filter on the_content -->","protected":false},"excerpt":{"rendered":"<p>La asociaci\u00f3n de senderismo de Moraleja realizar\u00e1 una ruta por la Sierra Gata, en contreto la de Almenara- Torre de Don Miguel. La marcha tiene dificultad media- alta y un recorrido aproximado de 15 kil\u00f3metros. Los socios pagaran 5 euros y los no socios 10 euros. La salida tendr\u00e1 lugar el domingo 11 de marzo [&hellip;]<!-- AddThis Advanced Settings generic via filter on get_the_excerpt --><!-- AddThis Share Buttons generic via filter on get_the_excerpt --><\/p>\n","protected":false},"author":27,"featured_media":0,"comment_status":"open","ping_status":"closed","sticky":false,"template":"","format":"standard","meta":[],"categories":[4],"tags":[38,348,713,970],"_links":{"self":[{"href":"https:\/\/blogs.hoy.es\/senderosextremadura\/wp-json\/wp\/v2\/posts\/165"}],"collection":[{"href":"https:\/\/blogs.hoy.es\/senderosextremadura\/wp-json\/wp\/v2\/posts"}],"about":[{"href":"https:\/\/blogs.hoy.es\/senderosextremadura\/wp-json\/wp\/v2\/types\/post"}],"author":[{"embeddable":true,"href":"https:\/\/blogs.hoy.es\/senderosextremadura\/wp-json\/wp\/v2\/users\/27"}],"replies":[{"embeddable":true,"href":"https:\/\/blogs.hoy.es\/senderosextremadura\/wp-json\/wp\/v2\/comments?post=165"}],"version-history":[{"count":0,"href":"https:\/\/blogs.hoy.es\/senderosextremadura\/wp-json\/wp\/v2\/posts\/165\/revisions"}],"wp:attachment":[{"href":"https:\/\/blogs.hoy.es\/senderosextremadura\/wp-json\/wp\/v2\/media?parent=165"}],"wp:term":[{"taxonomy":"category","embeddable":true,"href":"https:\/\/blogs.hoy.es\/senderosextremadura\/wp-json\/wp\/v2\/categories?post=165"},{"taxonomy":"post_tag","embeddable":true,"href":"https:\/\/blogs.hoy.es\/senderosextremadura\/wp-json\/wp\/v2\/tags?post=165"}],"curies":[{"name":"wp","href":"https:\/\/api.w.org\/{rel}","templated":true}]}}