{"id":1652,"date":"2013-04-24T09:40:13","date_gmt":"2013-04-24T09:40:13","guid":{"rendered":"http:\/\/blogs.hoy.es\/senderosextremadura\/?p=1652"},"modified":"2013-04-24T09:40:13","modified_gmt":"2013-04-24T09:40:13","slug":"17-kilometros-por-senderos-de-la-sierra-de-gata-27-de-abril","status":"publish","type":"post","link":"https:\/\/blogs.hoy.es\/senderosextremadura\/2013\/04\/24\/17-kilometros-por-senderos-de-la-sierra-de-gata-27-de-abril\/","title":{"rendered":"17 kil\u00f3metros por senderos de la Sierra de Gata (27 de abril)"},"content":{"rendered":"<div id=\"attachment_1655\" style=\"width: 610px\" class=\"wp-caption alignright\"><a href=\"https:\/\/blogs.hoy.es\/senderosextremadura\/2013\/04\/24\/17-kilometros-por-senderos-de-la-sierra-de-gata-27-de-abril\/villamiel_n-2\/\" rel=\"attachment wp-att-1655\"><img aria-describedby=\"caption-attachment-1655\" loading=\"lazy\" class=\"size-large wp-image-1655\" title=\"Vistas de Villamiel desde un mirador de Trevejo. \/ A.MURILLO\" src=\"\/senderosextremadura\/wp-content\/uploads\/sites\/22\/2013\/04\/villamiel_n1.jpg\" alt=\"Vistas de Villamiel desde un mirador de Trevejo. \/ A.MURILLO\" width=\"600\" height=\"338\" srcset=\"https:\/\/static-blogs.hoy.es\/wp-content\/uploads\/sites\/22\/2013\/04\/villamiel_n1.jpg 960w, https:\/\/static-blogs.hoy.es\/wp-content\/uploads\/sites\/22\/2013\/04\/villamiel_n1-300x169.jpg 300w, https:\/\/static-blogs.hoy.es\/wp-content\/uploads\/sites\/22\/2013\/04\/villamiel_n1-768x433.jpg 768w, https:\/\/static-blogs.hoy.es\/wp-content\/uploads\/sites\/22\/2013\/04\/villamiel_n1-600x338.jpg 600w\" sizes=\"(max-width: 600px) 100vw, 600px\" \/><\/a><p id=\"caption-attachment-1655\" class=\"wp-caption-text\">Vistas de Villamiel desde un mirador de Trevejo. \/ A.MURILLO<\/p><\/div>\n<p>&nbsp;<\/p>\n<p>&nbsp;<\/p>\n<p>&nbsp;<\/p>\n<p>&nbsp;<\/p>\n<p>&nbsp;<\/p>\n<p>&nbsp;<\/p>\n<p>&nbsp;<\/p>\n<p>&nbsp;<\/p>\n<p>&nbsp;<\/p>\n<p>&nbsp;<\/p>\n<p>&nbsp;<\/p>\n<p>&nbsp;<\/p>\n<p>&nbsp;<\/p>\n<p>&nbsp;<\/p>\n<p>La <strong>Mancomunidad de Municipios Sierra de Gata<\/strong> ha organizado la ruta que pasa por el sendero\u00a0 GR-10. El trayecto discurre entre <strong>San Mart\u00edn de Trevejo, Villamiel y la aldea de Trevejo<\/strong>. Atravesando un sendero se llega a Hoyos desde Trevejo. \u00a0El camino sigue una antigua calzada en perfecto estado para practicar el senderismo.<\/p>\n<p>A partir de Trevejo es calzada hasta que se pierde y se vuelve camino. Entre paredes de piedra se entra en Hoyos, donde se encuentran los huertos tradicionales de la localidad serragatina.<\/p>\n<p>La marcha tiene un recorrido de 17 kil\u00f3metros. Hasta el jueves d\u00eda 25 est\u00e1 abierto el plazo de inscripci\u00f3n. Se puede tramitar directamente en cualquier ayuntamiento de la Sierra de Gata o bien a trav\u00e9s del blog\u00a0<strong> <a href=\" http:\/\/deportes.sierradegata.es\/\" target=\"_blank\">http:\/\/deportes.sierradegata.es\/<\/a><\/strong><\/p>\n<p>La mancomunidad pone un servicio de autob\u00fas que saldr\u00e1 a las 8,30 horas de Perales del Puerto. Luego pasar\u00e1 por Hoyos y tira a San Mart\u00edn de Trevejo.<\/p>\n<p>&nbsp;<\/p>\n<p>&nbsp;<\/p>\n<!-- AddThis Advanced Settings generic via filter on the_content --><!-- AddThis Share Buttons generic via filter on the_content -->","protected":false},"excerpt":{"rendered":"<p>&nbsp; &nbsp; &nbsp; &nbsp; &nbsp; &nbsp; &nbsp; &nbsp; &nbsp; &nbsp; &nbsp; &nbsp; &nbsp; &nbsp; La Mancomunidad de Municipios Sierra de Gata ha organizado la ruta que pasa por el sendero\u00a0 GR-10. El trayecto discurre entre San Mart\u00edn de Trevejo, Villamiel y la aldea de Trevejo. Atravesando un sendero se llega a Hoyos desde Trevejo. \u00a0El [&hellip;]<!-- AddThis Advanced Settings generic via filter on get_the_excerpt --><!-- AddThis Share Buttons generic via filter on get_the_excerpt --><\/p>\n","protected":false},"author":27,"featured_media":0,"comment_status":"open","ping_status":"closed","sticky":false,"template":"","format":"standard","meta":[],"categories":[4],"tags":[394,821,836,887,917,977,1036,1084],"_links":{"self":[{"href":"https:\/\/blogs.hoy.es\/senderosextremadura\/wp-json\/wp\/v2\/posts\/1652"}],"collection":[{"href":"https:\/\/blogs.hoy.es\/senderosextremadura\/wp-json\/wp\/v2\/posts"}],"about":[{"href":"https:\/\/blogs.hoy.es\/senderosextremadura\/wp-json\/wp\/v2\/types\/post"}],"author":[{"embeddable":true,"href":"https:\/\/blogs.hoy.es\/senderosextremadura\/wp-json\/wp\/v2\/users\/27"}],"replies":[{"embeddable":true,"href":"https:\/\/blogs.hoy.es\/senderosextremadura\/wp-json\/wp\/v2\/comments?post=1652"}],"version-history":[{"count":0,"href":"https:\/\/blogs.hoy.es\/senderosextremadura\/wp-json\/wp\/v2\/posts\/1652\/revisions"}],"wp:attachment":[{"href":"https:\/\/blogs.hoy.es\/senderosextremadura\/wp-json\/wp\/v2\/media?parent=1652"}],"wp:term":[{"taxonomy":"category","embeddable":true,"href":"https:\/\/blogs.hoy.es\/senderosextremadura\/wp-json\/wp\/v2\/categories?post=1652"},{"taxonomy":"post_tag","embeddable":true,"href":"https:\/\/blogs.hoy.es\/senderosextremadura\/wp-json\/wp\/v2\/tags?post=1652"}],"curies":[{"name":"wp","href":"https:\/\/api.w.org\/{rel}","templated":true}]}}