{"id":1661,"date":"2013-04-29T17:40:25","date_gmt":"2013-04-29T17:40:25","guid":{"rendered":"http:\/\/blogs.hoy.es\/senderosextremadura\/?p=1661"},"modified":"2013-04-29T17:40:25","modified_gmt":"2013-04-29T17:40:25","slug":"panoramicas-del-embalse-de-alange-en-la-ruta-de-la-jara-en-flor-5-de-mayo","status":"publish","type":"post","link":"https:\/\/blogs.hoy.es\/senderosextremadura\/2013\/04\/29\/panoramicas-del-embalse-de-alange-en-la-ruta-de-la-jara-en-flor-5-de-mayo\/","title":{"rendered":"Panor\u00e1micas del embalse de Alange en la Ruta de la Jara en Flor (5 de mayo)"},"content":{"rendered":"<p><a href=\"https:\/\/blogs.hoy.es\/senderosextremadura\/\"><img loading=\"lazy\" class=\"alignright  wp-image-1662\" title=\"CARTEL JARA EN FLOR 2013\" src=\"\/senderosextremadura\/wp-content\/uploads\/sites\/22\/2013\/04\/CARTEL-JARA-EN-FLOR-2013.jpg\" alt=\"\" width=\"312\" height=\"442\" srcset=\"https:\/\/static-blogs.hoy.es\/wp-content\/uploads\/sites\/22\/2013\/04\/CARTEL-JARA-EN-FLOR-2013.jpg 452w, https:\/\/static-blogs.hoy.es\/wp-content\/uploads\/sites\/22\/2013\/04\/CARTEL-JARA-EN-FLOR-2013-212x300.jpg 212w\" sizes=\"(max-width: 312px) 100vw, 312px\" \/><\/a>La <a href=\"http:\/\/patadelbuey.blogspot.com.es\/\" target=\"_blank\" rel=\"external nofollow\"><strong>Asociaci\u00f3n Senderista y Cultural \u201cPata del Buey\u201d de Alange<\/strong><\/a> realizar\u00e1 el pr\u00f3ximo domingo 5 de mayo\u00a0 la ruta de la &#8216;Jara en flor&#8217;,\u00a0 por los valles de la zona norte de la Sierra de Pe\u00f1as Blancas, en Alange.<br \/>\nA lo largo de sus <strong>10 kil\u00f3metros de recorrido de dificultad media<\/strong>, el senderista podr\u00e1 disfrutar de parajes naturales de gran atractivo visual entre los <strong> Valles de La Jabata y de Pedro<\/strong> con amplias panor\u00e1micas del <strong>embalse de Alange<\/strong> actualmente en record hist\u00f3rico de capacidad, as\u00ed como grandes extensiones de jara que junto a otras numerosas especies vegetales ti\u00f1en de colores toda la zona.<br \/>\nAdem\u00e1s, siguiendo el discurrir el agua de los regatos que bajan por estos valles, se puede disfrutar de un importante patrimonio morisco asociado a antiguas huertas a\u00fan cultivadas de forma muy cuidada, e incluso, en el punto m\u00e1s elevado del trayecto, se visitar\u00e1n los restos de chozos y cercas de piedra utilizadas por los pastores de anta\u00f1o.<br \/>\nLa ruta partir\u00e1 a las 9 de la ma\u00f1ana desde la Oficina de Turismo situada junto a la Rotonda de las Piedras del Molino, en La explanada.<\/p>\n<p>&nbsp;<\/p>\n<p><span style=\"text-decoration: underline;\"><strong>CONTACTA CON EL CLUB:<\/strong><\/span><\/p>\n<p><strong>patadelbuey@hotmail.com<\/strong><\/p>\n<h2><span style=\"font-size: small;\">675 621 738<\/span> <span style=\"font-size: small;\">(uso exclusivo para inscripciones y d\u00edas de actividades de campo)<\/span><\/h2>\n<!-- AddThis Advanced Settings generic via filter on the_content --><!-- AddThis Share Buttons generic via filter on the_content -->","protected":false},"excerpt":{"rendered":"<p>La Asociaci\u00f3n Senderista y Cultural \u201cPata del Buey\u201d de Alange realizar\u00e1 el pr\u00f3ximo domingo 5 de mayo\u00a0 la ruta de la &#8216;Jara en flor&#8217;,\u00a0 por los valles de la zona norte de la Sierra de Pe\u00f1as Blancas, en Alange. A lo largo de sus 10 kil\u00f3metros de recorrido de dificultad media, el senderista podr\u00e1 disfrutar [&hellip;]<!-- AddThis Advanced Settings generic via filter on get_the_excerpt --><!-- AddThis Share Buttons generic via filter on get_the_excerpt --><\/p>\n","protected":false},"author":27,"featured_media":0,"comment_status":"open","ping_status":"closed","sticky":false,"template":"","format":"standard","meta":[],"categories":[4],"tags":[20,836,917,1103],"_links":{"self":[{"href":"https:\/\/blogs.hoy.es\/senderosextremadura\/wp-json\/wp\/v2\/posts\/1661"}],"collection":[{"href":"https:\/\/blogs.hoy.es\/senderosextremadura\/wp-json\/wp\/v2\/posts"}],"about":[{"href":"https:\/\/blogs.hoy.es\/senderosextremadura\/wp-json\/wp\/v2\/types\/post"}],"author":[{"embeddable":true,"href":"https:\/\/blogs.hoy.es\/senderosextremadura\/wp-json\/wp\/v2\/users\/27"}],"replies":[{"embeddable":true,"href":"https:\/\/blogs.hoy.es\/senderosextremadura\/wp-json\/wp\/v2\/comments?post=1661"}],"version-history":[{"count":0,"href":"https:\/\/blogs.hoy.es\/senderosextremadura\/wp-json\/wp\/v2\/posts\/1661\/revisions"}],"wp:attachment":[{"href":"https:\/\/blogs.hoy.es\/senderosextremadura\/wp-json\/wp\/v2\/media?parent=1661"}],"wp:term":[{"taxonomy":"category","embeddable":true,"href":"https:\/\/blogs.hoy.es\/senderosextremadura\/wp-json\/wp\/v2\/categories?post=1661"},{"taxonomy":"post_tag","embeddable":true,"href":"https:\/\/blogs.hoy.es\/senderosextremadura\/wp-json\/wp\/v2\/tags?post=1661"}],"curies":[{"name":"wp","href":"https:\/\/api.w.org\/{rel}","templated":true}]}}