{"id":1665,"date":"2013-04-30T10:59:53","date_gmt":"2013-04-30T10:59:53","guid":{"rendered":"http:\/\/blogs.hoy.es\/senderosextremadura\/?p=1665"},"modified":"2013-04-30T10:59:53","modified_gmt":"2013-04-30T10:59:53","slug":"ruta-la-morera-5-de-mayo","status":"publish","type":"post","link":"https:\/\/blogs.hoy.es\/senderosextremadura\/2013\/04\/30\/ruta-la-morera-5-de-mayo\/","title":{"rendered":"Ruta de &#039;La Madro\u00f1era&#039;, en la Morera (5 de mayo)"},"content":{"rendered":"<p><a href=\"https:\/\/blogs.hoy.es\/senderosextremadura\/2013\/04\/30\/ruta-la-morera-5-de-mayo\/lamorera\/\" rel=\"attachment wp-att-1666\"><img loading=\"lazy\" class=\"aligncenter size-large wp-image-1666\" title=\"lamorera\" src=\"\/senderosextremadura\/wp-content\/uploads\/sites\/22\/2013\/04\/lamorera.jpg\" alt=\"\" width=\"600\" height=\"401\" srcset=\"https:\/\/static-blogs.hoy.es\/wp-content\/uploads\/sites\/22\/2013\/04\/lamorera.jpg 960w, https:\/\/static-blogs.hoy.es\/wp-content\/uploads\/sites\/22\/2013\/04\/lamorera-300x201.jpg 300w, https:\/\/static-blogs.hoy.es\/wp-content\/uploads\/sites\/22\/2013\/04\/lamorera-768x514.jpg 768w, https:\/\/static-blogs.hoy.es\/wp-content\/uploads\/sites\/22\/2013\/04\/lamorera-600x401.jpg 600w\" sizes=\"(max-width: 600px) 100vw, 600px\" \/><\/a><\/p>\n<p>El peque\u00f1o municipio pacense de La Morera acoge este domingo d\u00eda 5 de mayo la I Ruta senderista &#8220;La Madro\u00f1era&#8221;. Se trata de una marcha circular con salida desde la Plaza de Espa\u00f1a.<br \/>\nInscripci\u00f3n: dos euros. La organizaci\u00f3n ofrece avituallamiento y garbanzada final.<\/p>\n<p>La organizaci\u00f3n no se hace responsable de cualquier accidente que se pudiera producir durante en transcurso de la ruta.<\/p>\n<!-- AddThis Advanced Settings generic via filter on the_content --><!-- AddThis Share Buttons generic via filter on the_content -->","protected":false},"excerpt":{"rendered":"<p>El peque\u00f1o municipio pacense de La Morera acoge este domingo d\u00eda 5 de mayo la I Ruta senderista &#8220;La Madro\u00f1era&#8221;. Se trata de una marcha circular con salida desde la Plaza de Espa\u00f1a. Inscripci\u00f3n: dos euros. La organizaci\u00f3n ofrece avituallamiento y garbanzada final. La organizaci\u00f3n no se hace responsable de cualquier accidente que se pudiera [&hellip;]<!-- AddThis Advanced Settings generic via filter on get_the_excerpt --><!-- AddThis Share Buttons generic via filter on get_the_excerpt --><\/p>\n","protected":false},"author":27,"featured_media":0,"comment_status":"open","ping_status":"closed","sticky":false,"template":"","format":"standard","meta":[],"categories":[4],"tags":[],"_links":{"self":[{"href":"https:\/\/blogs.hoy.es\/senderosextremadura\/wp-json\/wp\/v2\/posts\/1665"}],"collection":[{"href":"https:\/\/blogs.hoy.es\/senderosextremadura\/wp-json\/wp\/v2\/posts"}],"about":[{"href":"https:\/\/blogs.hoy.es\/senderosextremadura\/wp-json\/wp\/v2\/types\/post"}],"author":[{"embeddable":true,"href":"https:\/\/blogs.hoy.es\/senderosextremadura\/wp-json\/wp\/v2\/users\/27"}],"replies":[{"embeddable":true,"href":"https:\/\/blogs.hoy.es\/senderosextremadura\/wp-json\/wp\/v2\/comments?post=1665"}],"version-history":[{"count":0,"href":"https:\/\/blogs.hoy.es\/senderosextremadura\/wp-json\/wp\/v2\/posts\/1665\/revisions"}],"wp:attachment":[{"href":"https:\/\/blogs.hoy.es\/senderosextremadura\/wp-json\/wp\/v2\/media?parent=1665"}],"wp:term":[{"taxonomy":"category","embeddable":true,"href":"https:\/\/blogs.hoy.es\/senderosextremadura\/wp-json\/wp\/v2\/categories?post=1665"},{"taxonomy":"post_tag","embeddable":true,"href":"https:\/\/blogs.hoy.es\/senderosextremadura\/wp-json\/wp\/v2\/tags?post=1665"}],"curies":[{"name":"wp","href":"https:\/\/api.w.org\/{rel}","templated":true}]}}