{"id":1668,"date":"2013-04-30T14:21:22","date_gmt":"2013-04-30T14:21:22","guid":{"rendered":"http:\/\/blogs.hoy.es\/senderosextremadura\/?p=1668"},"modified":"2013-04-30T14:21:22","modified_gmt":"2013-04-30T14:21:22","slug":"ruta-por-la-sierra-de-montanchez-con-gr100","status":"publish","type":"post","link":"https:\/\/blogs.hoy.es\/senderosextremadura\/2013\/04\/30\/ruta-por-la-sierra-de-montanchez-con-gr100\/","title":{"rendered":"Ruta por la Sierra de Mont\u00e1nchez con GR100"},"content":{"rendered":"<p><a href=\"https:\/\/www.facebook.com\/CLUBGR100\" rel=\"external nofollow\"><img loading=\"lazy\" class=\"alignright  wp-image-1669\" title=\"\" src=\"\/senderosextremadura\/wp-content\/uploads\/sites\/22\/2013\/04\/montanchezn.jpg\" alt=\"\" width=\"263\" height=\"373\" srcset=\"https:\/\/static-blogs.hoy.es\/wp-content\/uploads\/sites\/22\/2013\/04\/montanchezn.jpg 339w, https:\/\/static-blogs.hoy.es\/wp-content\/uploads\/sites\/22\/2013\/04\/montanchezn-212x300.jpg 212w\" sizes=\"(max-width: 263px) 100vw, 263px\" \/><\/a><span style=\"font-size: medium;\">El <a href=\"http:\/\/www.clubgr100.com\/\" target=\"_blank\" rel=\"external nofollow\"><strong>club de esqu\u00ed y monta\u00f1a GR100<\/strong><\/a> programa para el pr\u00f3ximo domingo 5 de mayo una ruta senderista por la Sierra de Mont\u00e1nchez. Los participantes podr\u00e1n salir en autob\u00fas desde Badajoz -a las 8 horas desde la iglesia de San Jos\u00e9- o C\u00e1ceres &#8211; a las 9 horas desde el Palacio de Congresos-. El precio de la ruta que incluye transporte, seguro y gu\u00eda es de 20 euros.<\/span><\/p>\n<p><span style=\"font-size: medium;\">Puedes reservar tu plaza <a href=\"http:\/\/www.clubgr100.com\/\" target=\"_blank\" rel=\"external nofollow\">contactando con el club.<\/a><\/span><\/p>\n<p><span style=\"font-size: medium;\">Tambi\u00e9n puedes seguir todas las actividades del club en su <a href=\"https:\/\/www.facebook.com\/CLUBGR100\" target=\"_blank\" rel=\"external nofollow\"><strong>perfil de Facebook.<\/strong><\/a><\/span><\/p>\n<!-- AddThis Advanced Settings generic via filter on the_content --><!-- AddThis Share Buttons generic via filter on the_content -->","protected":false},"excerpt":{"rendered":"<p>El club de esqu\u00ed y monta\u00f1a GR100 programa para el pr\u00f3ximo domingo 5 de mayo una ruta senderista por la Sierra de Mont\u00e1nchez. Los participantes podr\u00e1n salir en autob\u00fas desde Badajoz -a las 8 horas desde la iglesia de San Jos\u00e9- o C\u00e1ceres &#8211; a las 9 horas desde el Palacio de Congresos-. El precio [&hellip;]<!-- AddThis Advanced Settings generic via filter on get_the_excerpt --><!-- AddThis Share Buttons generic via filter on get_the_excerpt --><\/p>\n","protected":false},"author":27,"featured_media":0,"comment_status":"open","ping_status":"closed","sticky":false,"template":"","format":"standard","meta":[],"categories":[4],"tags":[],"_links":{"self":[{"href":"https:\/\/blogs.hoy.es\/senderosextremadura\/wp-json\/wp\/v2\/posts\/1668"}],"collection":[{"href":"https:\/\/blogs.hoy.es\/senderosextremadura\/wp-json\/wp\/v2\/posts"}],"about":[{"href":"https:\/\/blogs.hoy.es\/senderosextremadura\/wp-json\/wp\/v2\/types\/post"}],"author":[{"embeddable":true,"href":"https:\/\/blogs.hoy.es\/senderosextremadura\/wp-json\/wp\/v2\/users\/27"}],"replies":[{"embeddable":true,"href":"https:\/\/blogs.hoy.es\/senderosextremadura\/wp-json\/wp\/v2\/comments?post=1668"}],"version-history":[{"count":0,"href":"https:\/\/blogs.hoy.es\/senderosextremadura\/wp-json\/wp\/v2\/posts\/1668\/revisions"}],"wp:attachment":[{"href":"https:\/\/blogs.hoy.es\/senderosextremadura\/wp-json\/wp\/v2\/media?parent=1668"}],"wp:term":[{"taxonomy":"category","embeddable":true,"href":"https:\/\/blogs.hoy.es\/senderosextremadura\/wp-json\/wp\/v2\/categories?post=1668"},{"taxonomy":"post_tag","embeddable":true,"href":"https:\/\/blogs.hoy.es\/senderosextremadura\/wp-json\/wp\/v2\/tags?post=1668"}],"curies":[{"name":"wp","href":"https:\/\/api.w.org\/{rel}","templated":true}]}}