{"id":1673,"date":"2013-04-30T15:27:27","date_gmt":"2013-04-30T15:27:27","guid":{"rendered":"http:\/\/blogs.hoy.es\/senderosextremadura\/?p=1673"},"modified":"2013-04-30T15:27:27","modified_gmt":"2013-04-30T15:27:27","slug":"ruta-de-los-carboneros-con-geografica-5-de-mayo","status":"publish","type":"post","link":"https:\/\/blogs.hoy.es\/senderosextremadura\/2013\/04\/30\/ruta-de-los-carboneros-con-geografica-5-de-mayo\/","title":{"rendered":"Ruta de Los Carboneros con Geogr\u00e1fica (5 de mayo)"},"content":{"rendered":"<p><a href=\"https:\/\/blogs.hoy.es\/senderosextremadura\/\"><img loading=\"lazy\" class=\"aligncenter  wp-image-1675\" title=\"Imagen de una pasada edici\u00f3n de esta ruta\" src=\"\/senderosextremadura\/wp-content\/uploads\/sites\/22\/2013\/04\/carboneros4.jpg\" alt=\"\" width=\"426\" height=\"207\" srcset=\"https:\/\/static-blogs.hoy.es\/wp-content\/uploads\/sites\/22\/2013\/04\/carboneros4.jpg 1280w, https:\/\/static-blogs.hoy.es\/wp-content\/uploads\/sites\/22\/2013\/04\/carboneros4-300x146.jpg 300w, https:\/\/static-blogs.hoy.es\/wp-content\/uploads\/sites\/22\/2013\/04\/carboneros4-768x374.jpg 768w, https:\/\/static-blogs.hoy.es\/wp-content\/uploads\/sites\/22\/2013\/04\/carboneros4-600x293.jpg 600w\" sizes=\"(max-width: 426px) 100vw, 426px\" \/><\/a><\/p>\n<p>GALER\u00cdA: <a href=\"http:\/\/www.hoy.es\/multimedia\/fotos\/ultimos\/97457-ruta-carboneros-jerte-valle-ambroz-0.html\" rel=\"external nofollow\">La <strong>Ruta de Los Carboneros<\/strong> celebrada en 2012. <\/a><\/p>\n<p>El pr\u00f3ximo domingo d\u00eda 5 la <a href=\"www. asociaciongeografica.\" target=\"_blank\"><strong>Asociaci\u00f3n Geogr\u00e1fica<\/strong><\/a> realizar\u00e1\u00a0 la espectacular traves\u00eda del <strong>Valle del Jerte al Valle del Ambroz<\/strong>,\u00a0 pasando por el m\u00edtico <strong>Puerto de Honduras<\/strong>. La <a href=\"http:\/\/www.hoy.es\/multimedia\/fotos\/ultimos\/97457-ruta-carboneros-jerte-valle-ambroz-0.html\" rel=\"external nofollow\"><strong>Ruta de Los Carboneros<\/strong><\/a> se nos presenta como una de las m\u00e1s emblem\u00e1ticas de cuantas\u00a0 se pueden realizar en Extremadura.<br \/>\nPartiendo de la localidad de <strong>Cabezuela del Valle<\/strong> recorreremos una de las gargantas m\u00e1s verdes y exuberantes de toda la comarca, en donde los saltos de agua nos acompa\u00f1aran durante todo el recorrido. Remontaremos la misma hasta llegar al m\u00edtico Puerto de Honduras, que con sus 1.435 m. se convertir\u00e1 en el mejor mirador de la jornada.<!--more--><\/p>\n<p>Desde ah\u00ed podremos contemplar tanto las nevadas cumbres de Gredos (al Sureste) como la Sierra de Gata, las Hurdes y la Pe\u00f1a de Francia (al norte). Desde ese punto iniciaremos nuestro descenso por uno de los desfiladeros m\u00e1s agrestes y espectaculares de toda Espa\u00f1a. Nuestro destino ser\u00e1 la localidad ambrozana de Gargantilla, donde nos recoger\u00e1 nuestro autocar despu\u00e9s de haber tomado un merecido refrigerio.El pron\u00f3stico es de tiempo soleado y temperaturas suaves, lo que unido a la excepcional primavera que estamos teniendo promete otorgarnos una de las mejores jornadas de la temporada. \u00bfTe lo vas a perder?<\/p>\n<p>Si quieres inscribirte, contacta con\u00a0 <a href=\"http:\/\/www.asociaciongeografica.com\/\" target=\"_blank\" rel=\"external nofollow\"><strong>Asociaci\u00f3n Geogr\u00e1fica<\/strong><\/a><\/p>\n<p><a href=\"https:\/\/blogs.hoy.es\/senderosextremadura\/\"><img loading=\"lazy\" class=\"aligncenter  wp-image-1677\" title=\"\" src=\"\/senderosextremadura\/wp-content\/uploads\/sites\/22\/2013\/04\/carboneros-5.jpg\" alt=\"\" width=\"456\" height=\"211\" srcset=\"https:\/\/static-blogs.hoy.es\/wp-content\/uploads\/sites\/22\/2013\/04\/carboneros-5.jpg 647w, https:\/\/static-blogs.hoy.es\/wp-content\/uploads\/sites\/22\/2013\/04\/carboneros-5-300x139.jpg 300w, https:\/\/static-blogs.hoy.es\/wp-content\/uploads\/sites\/22\/2013\/04\/carboneros-5-600x278.jpg 600w\" sizes=\"(max-width: 456px) 100vw, 456px\" \/><\/a><\/p>\n<p>&nbsp;<\/p>\n<p>&nbsp;<\/p>\n<p>&nbsp;<\/p>\n<!-- AddThis Advanced Settings generic via filter on the_content --><!-- AddThis Share Buttons generic via filter on the_content -->","protected":false},"excerpt":{"rendered":"<p>GALER\u00cdA: La Ruta de Los Carboneros celebrada en 2012. El pr\u00f3ximo domingo d\u00eda 5 la Asociaci\u00f3n Geogr\u00e1fica realizar\u00e1\u00a0 la espectacular traves\u00eda del Valle del Jerte al Valle del Ambroz,\u00a0 pasando por el m\u00edtico Puerto de Honduras. La Ruta de Los Carboneros se nos presenta como una de las m\u00e1s emblem\u00e1ticas de cuantas\u00a0 se pueden realizar [&hellip;]<!-- AddThis Advanced Settings generic via filter on get_the_excerpt --><!-- AddThis Share Buttons generic via filter on get_the_excerpt --><\/p>\n","protected":false},"author":27,"featured_media":0,"comment_status":"open","ping_status":"closed","sticky":false,"template":"","format":"standard","meta":[],"categories":[4],"tags":[],"_links":{"self":[{"href":"https:\/\/blogs.hoy.es\/senderosextremadura\/wp-json\/wp\/v2\/posts\/1673"}],"collection":[{"href":"https:\/\/blogs.hoy.es\/senderosextremadura\/wp-json\/wp\/v2\/posts"}],"about":[{"href":"https:\/\/blogs.hoy.es\/senderosextremadura\/wp-json\/wp\/v2\/types\/post"}],"author":[{"embeddable":true,"href":"https:\/\/blogs.hoy.es\/senderosextremadura\/wp-json\/wp\/v2\/users\/27"}],"replies":[{"embeddable":true,"href":"https:\/\/blogs.hoy.es\/senderosextremadura\/wp-json\/wp\/v2\/comments?post=1673"}],"version-history":[{"count":0,"href":"https:\/\/blogs.hoy.es\/senderosextremadura\/wp-json\/wp\/v2\/posts\/1673\/revisions"}],"wp:attachment":[{"href":"https:\/\/blogs.hoy.es\/senderosextremadura\/wp-json\/wp\/v2\/media?parent=1673"}],"wp:term":[{"taxonomy":"category","embeddable":true,"href":"https:\/\/blogs.hoy.es\/senderosextremadura\/wp-json\/wp\/v2\/categories?post=1673"},{"taxonomy":"post_tag","embeddable":true,"href":"https:\/\/blogs.hoy.es\/senderosextremadura\/wp-json\/wp\/v2\/tags?post=1673"}],"curies":[{"name":"wp","href":"https:\/\/api.w.org\/{rel}","templated":true}]}}