{"id":1680,"date":"2013-04-30T15:51:41","date_gmt":"2013-04-30T15:51:41","guid":{"rendered":"http:\/\/blogs.hoy.es\/senderosextremadura\/?p=1680"},"modified":"2013-04-30T15:51:41","modified_gmt":"2013-04-30T15:51:41","slug":"montaneros-de-monfrague-guijo-de-santa-barbara-losar-de-la-vera","status":"publish","type":"post","link":"https:\/\/blogs.hoy.es\/senderosextremadura\/2013\/04\/30\/montaneros-de-monfrague-guijo-de-santa-barbara-losar-de-la-vera\/","title":{"rendered":"De Guijo de Santa B\u00e1rbara a Losar de la Vera (5 de mayo)"},"content":{"rendered":"<p><strong><a href=\"https:\/\/blogs.hoy.es\/senderosextremadura\/\"><img loading=\"lazy\" class=\"aligncenter size-large wp-image-1681\" title=\"\" src=\"\/senderosextremadura\/wp-content\/uploads\/sites\/22\/2013\/04\/wikiloc-5.jpg\" alt=\"\" width=\"600\" height=\"278\" srcset=\"https:\/\/static-blogs.hoy.es\/wp-content\/uploads\/sites\/22\/2013\/04\/wikiloc-5.jpg 647w, https:\/\/static-blogs.hoy.es\/wp-content\/uploads\/sites\/22\/2013\/04\/wikiloc-5-300x139.jpg 300w, https:\/\/static-blogs.hoy.es\/wp-content\/uploads\/sites\/22\/2013\/04\/wikiloc-5-600x278.jpg 600w\" sizes=\"(max-width: 600px) 100vw, 600px\" \/><\/a><\/strong><\/p>\n<p><a href=\"http:\/\/montanerosmonfrague.es\/actividades.html\" target=\"_blank\" rel=\"external nofollow\"><strong>Monta\u00f1eros de Monfrag\u00fce<\/strong><\/a> realizar\u00e1 el pr\u00f3ximo domingo 5 de mayo una ruta entre las localidades cacere\u00f1as de Guijo de Santa B\u00e1rbara y\u00a0 Losar de la Vera. Recorrer\u00e1n un total de 27 kil\u00f3metros. Como siempre, los participantes en esta actividad saldr\u00e1n a las 7:30 horas del aparcamiento de autobuses plaza Obispo Galarza, en C\u00e1ceres.<\/p>\n<p><strong>Itinerario de la actividad<\/strong><\/p>\n<p>Guijo de Santa B\u00e1rbara- Garganta de Jaranda- El Campanario- Ermita Nuestra Se\u00f1ora de las Nieves- Portillo del Cogorzal- Majalacabra- Refugio del Berezo- Las Lanchuelas- Pinogal- El Vallejo &#8211; Losar de la Vera. Aproximadamente unos 27 km.<\/p>\n<p>Observaciones: Llevar bastones, protecci\u00f3n solar y algo de ropa de abrigo<\/p>\n<p><a href=\"http:\/\/es.wikiloc.com\/wikiloc\/view.do?id=4365882\" target=\"_blank\" rel=\"external nofollow\"><strong>M\u00e1s informaci\u00f3n sobre la ruta (Wikiloc)<\/strong><\/a><\/p>\n<p>Saludos.<\/p>\n<p>Enlace a la pr\u00f3xima actividad<br \/>\nhttp:\/\/montanerosmonfrague.es\/actividades.html<\/p>\n<p>Enlace a facebook<br \/>\nhttp:\/\/www.facebook.com\/pages\/Monta%C3%B1eros-Monfrag%C3%BCe\/295892327114831<\/p>\n<!-- AddThis Advanced Settings generic via filter on the_content --><!-- AddThis Share Buttons generic via filter on the_content -->","protected":false},"excerpt":{"rendered":"<p>Monta\u00f1eros de Monfrag\u00fce realizar\u00e1 el pr\u00f3ximo domingo 5 de mayo una ruta entre las localidades cacere\u00f1as de Guijo de Santa B\u00e1rbara y\u00a0 Losar de la Vera. Recorrer\u00e1n un total de 27 kil\u00f3metros. Como siempre, los participantes en esta actividad saldr\u00e1n a las 7:30 horas del aparcamiento de autobuses plaza Obispo Galarza, en C\u00e1ceres. Itinerario de [&hellip;]<!-- AddThis Advanced Settings generic via filter on get_the_excerpt --><!-- AddThis Share Buttons generic via filter on get_the_excerpt --><\/p>\n","protected":false},"author":27,"featured_media":0,"comment_status":"open","ping_status":"closed","sticky":false,"template":"","format":"standard","meta":[],"categories":[4],"tags":[526,817,836,917],"_links":{"self":[{"href":"https:\/\/blogs.hoy.es\/senderosextremadura\/wp-json\/wp\/v2\/posts\/1680"}],"collection":[{"href":"https:\/\/blogs.hoy.es\/senderosextremadura\/wp-json\/wp\/v2\/posts"}],"about":[{"href":"https:\/\/blogs.hoy.es\/senderosextremadura\/wp-json\/wp\/v2\/types\/post"}],"author":[{"embeddable":true,"href":"https:\/\/blogs.hoy.es\/senderosextremadura\/wp-json\/wp\/v2\/users\/27"}],"replies":[{"embeddable":true,"href":"https:\/\/blogs.hoy.es\/senderosextremadura\/wp-json\/wp\/v2\/comments?post=1680"}],"version-history":[{"count":0,"href":"https:\/\/blogs.hoy.es\/senderosextremadura\/wp-json\/wp\/v2\/posts\/1680\/revisions"}],"wp:attachment":[{"href":"https:\/\/blogs.hoy.es\/senderosextremadura\/wp-json\/wp\/v2\/media?parent=1680"}],"wp:term":[{"taxonomy":"category","embeddable":true,"href":"https:\/\/blogs.hoy.es\/senderosextremadura\/wp-json\/wp\/v2\/categories?post=1680"},{"taxonomy":"post_tag","embeddable":true,"href":"https:\/\/blogs.hoy.es\/senderosextremadura\/wp-json\/wp\/v2\/tags?post=1680"}],"curies":[{"name":"wp","href":"https:\/\/api.w.org\/{rel}","templated":true}]}}