{"id":1683,"date":"2013-04-30T16:01:35","date_gmt":"2013-04-30T16:01:35","guid":{"rendered":"http:\/\/blogs.hoy.es\/senderosextremadura\/?p=1683"},"modified":"2013-04-30T16:01:35","modified_gmt":"2013-04-30T16:01:35","slug":"ruta-de-24-kilometros-por-la-sierra-de-gata-5-de-mayo","status":"publish","type":"post","link":"https:\/\/blogs.hoy.es\/senderosextremadura\/2013\/04\/30\/ruta-de-24-kilometros-por-la-sierra-de-gata-5-de-mayo\/","title":{"rendered":"Ruta de Los Contrabandistas por la Sierra de Gata (5 de mayo)"},"content":{"rendered":"<p>El<strong> <a href=\"http:\/\/cecanavalmoral.wordpress.com\/\" target=\"_blank\" rel=\"external nofollow\">Centro Excursionista del Campo Ara\u00f1uelo<\/a><\/strong> celebra este domingo <strong>5 de mayo<\/strong> una ruta por la Sierra de Gata. Se trata de la Ruta de los Contrabandistas. Est\u00e1 previsto que el recorrido lineal de <strong>24 kil\u00f3metros<\/strong> dure unas siete horas. La salida tendr\u00e1 lugar a las 7.30 horas.<\/p>\n<p>La marcha comienza en el puente (800 m.) de la carretera CV-199 sobre el r\u00edo Agreda, a 5 Km. de la localidad de El Payo (Salamanca).\u00a0 Seguiremos el camino PR-SA-28, se\u00f1alizado con l\u00edneas blancas y amarillas. Tomaremos una pista que es cruzada por otras pistas pero siempre seguiremos la se\u00f1alizaci\u00f3n del camino.\u00a0 El tipo de vegetaci\u00f3n est\u00e1 formado, en general, por rebollares, arbustos y pastizales cerealistas.\u00a0\u00a0 Despu\u00e9s la pista discurre entre pinares y robledales, direcci\u00f3n SO.<!--more--><\/p>\n<p>A los 3 kil\u00f3metros, a la derecha, se dejan unas ruinas y 1 kil\u00f3metros despu\u00e9s, hay que desviarse a la izda. evitando la explotaci\u00f3n ganadera de Las Lanchas.\u00a0 Estamos atravesando la zona conocida como El Rebollar, llevando en paralelo, por la dcha., aunque no lo veamos, el r\u00edo Agreda.\u00a0 Poco despu\u00e9s se cruza de nuevo el r\u00edo por un puente y se desemboca en una carretera que nos deja en Navasfr\u00edas (900 m.), tras recorrer desde el inicio, aproximadamente, <strong>8\u2019500 Km. <\/strong>Salimos de la localidad y tomamos una pista en direcci\u00f3n al Bardal Chico, por la que se pasar\u00e1n diversas porteras.\u00a0 De frente tenemos el J\u00e1lama (1492 m.).\u00a0 Poco despu\u00e9s descendemos al regato Rubioso (920 m.), donde se le une el regato de Los Salgueros y tras cruzar el arroyo comenzamos un suave y continuado ascenso que nos ir\u00e1 acercando a los inicios de \u00e9ste \u00faltimo regato hasta el Teso de la Matanza (1020 m.) donde tomaremos un cortafuegos que nos dejar\u00e1 en la cumbre del Teso de la Nave (1115 m.), punto culminante de la ruta.\u00a0 Descendemos unos 500 metros y llegamos al Puerto de Santa Clara (1030 m.), tras recorrer, aproximadamente, desde Navasfr\u00edas, <strong>8\u2019000 Km.<\/strong>, donde tomaremos el PR-CC-184 (ruta de A Fala) que est\u00e1 se\u00f1alizado igualmente con l\u00edneas blancas y amarillas.<\/p>\n<p>El sendero sigue una pista de caballer\u00edas que comienza detr\u00e1s de una cancela, direcci\u00f3n O.\u00a0 Las marcas son escasas y van surgiendo formaciones rocosas, hasta llegar a un bello canchal gran\u00edtico, donde ya se aprecia claramente el antiguo Camino del Puerto, que tras 5 Km. penetra en un robledal en el que hay prados cercados por musgosos muros de piedra.\u00a0 Aparecen a nuestra vista las localidades de Eljas y Valverde del fresno, descendiendo a la primera de ellas por un zigzagueante camino empedrado que nos deja en Eljas (600 m.), localidad en la que finaliza la ruta, tras recorrer, aproximadamente, <strong>7\u2019500 Km.<\/strong>, desde el Puerto de Santa Clara.<\/p>\n<p>&nbsp;<\/p>\n<p>Puedes <a href=\"http:\/\/cecanavalmoral.wordpress.com\/\" target=\"_blank\" rel=\"external nofollow\"><strong>contactar con CECA en su web.<\/strong><\/a><\/p>\n<p><a href=\"https:\/\/blogs.hoy.es\/senderosextremadura\/\"><img loading=\"lazy\" class=\"aligncenter size-large wp-image-1685\" title=\"\" src=\"\/senderosextremadura\/wp-content\/uploads\/sites\/22\/2013\/04\/recorrido7.jpg\" alt=\"\" width=\"600\" height=\"480\" srcset=\"https:\/\/static-blogs.hoy.es\/wp-content\/uploads\/sites\/22\/2013\/04\/recorrido7.jpg 1280w, https:\/\/static-blogs.hoy.es\/wp-content\/uploads\/sites\/22\/2013\/04\/recorrido7-300x240.jpg 300w, https:\/\/static-blogs.hoy.es\/wp-content\/uploads\/sites\/22\/2013\/04\/recorrido7-768x614.jpg 768w, https:\/\/static-blogs.hoy.es\/wp-content\/uploads\/sites\/22\/2013\/04\/recorrido7-600x480.jpg 600w\" sizes=\"(max-width: 600px) 100vw, 600px\" \/><\/a><\/p>\n<p>&nbsp;<\/p>\n<!-- AddThis Advanced Settings generic via filter on the_content --><!-- AddThis Share Buttons generic via filter on the_content -->","protected":false},"excerpt":{"rendered":"<p>El Centro Excursionista del Campo Ara\u00f1uelo celebra este domingo 5 de mayo una ruta por la Sierra de Gata. Se trata de la Ruta de los Contrabandistas. Est\u00e1 previsto que el recorrido lineal de 24 kil\u00f3metros dure unas siete horas. La salida tendr\u00e1 lugar a las 7.30 horas. La marcha comienza en el puente (800 [&hellip;]<!-- AddThis Advanced Settings generic via filter on get_the_excerpt --><!-- AddThis Share Buttons generic via filter on get_the_excerpt --><\/p>\n","protected":false},"author":27,"featured_media":0,"comment_status":"open","ping_status":"closed","sticky":false,"template":"","format":"standard","meta":[],"categories":[4],"tags":[],"_links":{"self":[{"href":"https:\/\/blogs.hoy.es\/senderosextremadura\/wp-json\/wp\/v2\/posts\/1683"}],"collection":[{"href":"https:\/\/blogs.hoy.es\/senderosextremadura\/wp-json\/wp\/v2\/posts"}],"about":[{"href":"https:\/\/blogs.hoy.es\/senderosextremadura\/wp-json\/wp\/v2\/types\/post"}],"author":[{"embeddable":true,"href":"https:\/\/blogs.hoy.es\/senderosextremadura\/wp-json\/wp\/v2\/users\/27"}],"replies":[{"embeddable":true,"href":"https:\/\/blogs.hoy.es\/senderosextremadura\/wp-json\/wp\/v2\/comments?post=1683"}],"version-history":[{"count":0,"href":"https:\/\/blogs.hoy.es\/senderosextremadura\/wp-json\/wp\/v2\/posts\/1683\/revisions"}],"wp:attachment":[{"href":"https:\/\/blogs.hoy.es\/senderosextremadura\/wp-json\/wp\/v2\/media?parent=1683"}],"wp:term":[{"taxonomy":"category","embeddable":true,"href":"https:\/\/blogs.hoy.es\/senderosextremadura\/wp-json\/wp\/v2\/categories?post=1683"},{"taxonomy":"post_tag","embeddable":true,"href":"https:\/\/blogs.hoy.es\/senderosextremadura\/wp-json\/wp\/v2\/tags?post=1683"}],"curies":[{"name":"wp","href":"https:\/\/api.w.org\/{rel}","templated":true}]}}