{"id":169,"date":"2012-03-10T01:24:13","date_gmt":"2012-03-10T01:24:13","guid":{"rendered":"http:\/\/blogs.hoy.es\/senderosextremadura\/?p=169"},"modified":"2012-03-10T01:24:13","modified_gmt":"2012-03-10T01:24:13","slug":"20-kilometros-por-la-sierra-de-monsalud-18-de-marzo","status":"publish","type":"post","link":"https:\/\/blogs.hoy.es\/senderosextremadura\/2012\/03\/10\/20-kilometros-por-la-sierra-de-monsalud-18-de-marzo\/","title":{"rendered":"20 kil\u00f3metros por la Sierra de Monsalud (18 de marzo)"},"content":{"rendered":"<h2><\/h2>\n<p><a href=\"\/senderosextremadura\/wp-content\/uploads\/sites\/22\/2012\/03\/monsalud.jpg\"><img loading=\"lazy\" class=\"alignleft size-medium wp-image-170\" title=\"monsalud\" src=\"\/senderosextremadura\/wp-content\/uploads\/sites\/22\/2012\/03\/monsalud.jpg\" alt=\"\" width=\"185\" height=\"261\" srcset=\"https:\/\/static-blogs.hoy.es\/wp-content\/uploads\/sites\/22\/2012\/03\/monsalud.jpg 1132w, https:\/\/static-blogs.hoy.es\/wp-content\/uploads\/sites\/22\/2012\/03\/monsalud-212x300.jpg 212w, https:\/\/static-blogs.hoy.es\/wp-content\/uploads\/sites\/22\/2012\/03\/monsalud-768x1086.jpg 768w, https:\/\/static-blogs.hoy.es\/wp-content\/uploads\/sites\/22\/2012\/03\/monsalud-600x848.jpg 600w\" sizes=\"(max-width: 185px) 100vw, 185px\" \/><\/a><\/p>\n<h2>La <a href=\"http:\/\/senderismosalvaleon.blogspot.com\/\" target=\"_blank\" rel=\"external nofollow\"><strong>Asociaci\u00f3n de Senderismo de Salvale\u00f3n &#8216;El Encinar&#8217;<\/strong><\/a> ha programado para el pr\u00f3ximo domingo 18 de marzo una ruta por el Puerto de los Maderos, en la Sierra de Monsalud. La salida de los caminantes tendr\u00e1 lugar a las 9 de la ma\u00f1ana en la Plaza de Espa\u00f1a de Salvale\u00f3n. El recorrido ser\u00e1 de 20 kil\u00f3metros y la dificultad media. La actividad no se suspender\u00e1 en ning\u00fan caso por motivos meteorol\u00f3gicos.<\/h2>\n<p>&nbsp;<\/p>\n<p><strong>COMPARTE TUS RUTAS EN <a href=\"mailto:senderosextremadurahoy@gmail.com\">senderosextremadurahoy@gmail.com<\/a><\/strong><\/p>\n<!-- AddThis Advanced Settings generic via filter on the_content --><!-- AddThis Share Buttons generic via filter on the_content -->","protected":false},"excerpt":{"rendered":"<p>La Asociaci\u00f3n de Senderismo de Salvale\u00f3n &#8216;El Encinar&#8217; ha programado para el pr\u00f3ximo domingo 18 de marzo una ruta por el Puerto de los Maderos, en la Sierra de Monsalud. La salida de los caminantes tendr\u00e1 lugar a las 9 de la ma\u00f1ana en la Plaza de Espa\u00f1a de Salvale\u00f3n. El recorrido ser\u00e1 de 20 [&hellip;]<!-- AddThis Advanced Settings generic via filter on get_the_excerpt --><!-- AddThis Share Buttons generic via filter on get_the_excerpt --><\/p>\n","protected":false},"author":27,"featured_media":0,"comment_status":"open","ping_status":"closed","sticky":false,"template":"","format":"standard","meta":[],"categories":[4],"tags":[517,884],"_links":{"self":[{"href":"https:\/\/blogs.hoy.es\/senderosextremadura\/wp-json\/wp\/v2\/posts\/169"}],"collection":[{"href":"https:\/\/blogs.hoy.es\/senderosextremadura\/wp-json\/wp\/v2\/posts"}],"about":[{"href":"https:\/\/blogs.hoy.es\/senderosextremadura\/wp-json\/wp\/v2\/types\/post"}],"author":[{"embeddable":true,"href":"https:\/\/blogs.hoy.es\/senderosextremadura\/wp-json\/wp\/v2\/users\/27"}],"replies":[{"embeddable":true,"href":"https:\/\/blogs.hoy.es\/senderosextremadura\/wp-json\/wp\/v2\/comments?post=169"}],"version-history":[{"count":0,"href":"https:\/\/blogs.hoy.es\/senderosextremadura\/wp-json\/wp\/v2\/posts\/169\/revisions"}],"wp:attachment":[{"href":"https:\/\/blogs.hoy.es\/senderosextremadura\/wp-json\/wp\/v2\/media?parent=169"}],"wp:term":[{"taxonomy":"category","embeddable":true,"href":"https:\/\/blogs.hoy.es\/senderosextremadura\/wp-json\/wp\/v2\/categories?post=169"},{"taxonomy":"post_tag","embeddable":true,"href":"https:\/\/blogs.hoy.es\/senderosextremadura\/wp-json\/wp\/v2\/tags?post=169"}],"curies":[{"name":"wp","href":"https:\/\/api.w.org\/{rel}","templated":true}]}}