{"id":1692,"date":"2013-05-01T10:00:42","date_gmt":"2013-05-01T10:00:42","guid":{"rendered":"http:\/\/blogs.hoy.es\/senderosextremadura\/?p=1692"},"modified":"2013-05-01T10:00:42","modified_gmt":"2013-05-01T10:00:42","slug":"ribera-del-fresno-estrena-asociacion-senderista","status":"publish","type":"post","link":"https:\/\/blogs.hoy.es\/senderosextremadura\/2013\/05\/01\/ribera-del-fresno-estrena-asociacion-senderista\/","title":{"rendered":"Ribera del Fresno estrena asociaci\u00f3n senderista"},"content":{"rendered":"<p><a href=\"https:\/\/blogs.hoy.es\/senderosextremadura\/\"><img loading=\"lazy\" class=\"aligncenter size-full wp-image-1694\" title=\"\" src=\"\/senderosextremadura\/wp-content\/uploads\/sites\/22\/2013\/05\/hornachuelos-6.jpg\" alt=\"\" width=\"325\" height=\"209\" srcset=\"https:\/\/static-blogs.hoy.es\/wp-content\/uploads\/sites\/22\/2013\/05\/hornachuelos-6.jpg 325w, https:\/\/static-blogs.hoy.es\/wp-content\/uploads\/sites\/22\/2013\/05\/hornachuelos-6-300x193.jpg 300w\" sizes=\"(max-width: 325px) 100vw, 325px\" \/><\/a><\/p>\n<p><strong>Ribera del Fresno<\/strong> cuenta con una nueva <strong>asociaci\u00f3n deportiva amigos senderistas &#8216;La Alberca<\/strong>&#8216;, que arranca con el objetivo de promover entre j\u00f3venes y mayores el deporte de monta\u00f1a. De momento, se trata de un colectivo formado por un grupo de amigos que ya preparan nuevas rutas que les conduzcan al conocimiento de lugares con encanto.\u00a0 Para inaugurar la temporada la asociaci\u00f3n organiz\u00f3 la ruta &#8216;<strong>Cerro Hornachuelos<\/strong>&#8216; que discurri\u00f3 desde el Parque de Arriba. En el Centro de Interpretaci\u00f3n de Hornachuelos fue posible comprender la forma de vida de las personas que en su d\u00eda habitaron ese lugar. El camino de vuelta se hizo por el camino que llega a Ribera.<\/p>\n<!-- AddThis Advanced Settings generic via filter on the_content --><!-- AddThis Share Buttons generic via filter on the_content -->","protected":false},"excerpt":{"rendered":"<p>Ribera del Fresno cuenta con una nueva asociaci\u00f3n deportiva amigos senderistas &#8216;La Alberca&#8216;, que arranca con el objetivo de promover entre j\u00f3venes y mayores el deporte de monta\u00f1a. De momento, se trata de un colectivo formado por un grupo de amigos que ya preparan nuevas rutas que les conduzcan al conocimiento de lugares con encanto.\u00a0 [&hellip;]<!-- AddThis Advanced Settings generic via filter on get_the_excerpt --><!-- AddThis Share Buttons generic via filter on get_the_excerpt --><\/p>\n","protected":false},"author":27,"featured_media":0,"comment_status":"open","ping_status":"closed","sticky":false,"template":"","format":"standard","meta":[],"categories":[3],"tags":[],"_links":{"self":[{"href":"https:\/\/blogs.hoy.es\/senderosextremadura\/wp-json\/wp\/v2\/posts\/1692"}],"collection":[{"href":"https:\/\/blogs.hoy.es\/senderosextremadura\/wp-json\/wp\/v2\/posts"}],"about":[{"href":"https:\/\/blogs.hoy.es\/senderosextremadura\/wp-json\/wp\/v2\/types\/post"}],"author":[{"embeddable":true,"href":"https:\/\/blogs.hoy.es\/senderosextremadura\/wp-json\/wp\/v2\/users\/27"}],"replies":[{"embeddable":true,"href":"https:\/\/blogs.hoy.es\/senderosextremadura\/wp-json\/wp\/v2\/comments?post=1692"}],"version-history":[{"count":0,"href":"https:\/\/blogs.hoy.es\/senderosextremadura\/wp-json\/wp\/v2\/posts\/1692\/revisions"}],"wp:attachment":[{"href":"https:\/\/blogs.hoy.es\/senderosextremadura\/wp-json\/wp\/v2\/media?parent=1692"}],"wp:term":[{"taxonomy":"category","embeddable":true,"href":"https:\/\/blogs.hoy.es\/senderosextremadura\/wp-json\/wp\/v2\/categories?post=1692"},{"taxonomy":"post_tag","embeddable":true,"href":"https:\/\/blogs.hoy.es\/senderosextremadura\/wp-json\/wp\/v2\/tags?post=1692"}],"curies":[{"name":"wp","href":"https:\/\/api.w.org\/{rel}","templated":true}]}}