{"id":1696,"date":"2013-05-03T17:06:33","date_gmt":"2013-05-03T17:06:33","guid":{"rendered":"http:\/\/blogs.hoy.es\/senderosextremadura\/?p=1696"},"modified":"2013-05-03T17:06:33","modified_gmt":"2013-05-03T17:06:33","slug":"ruta-por-las-ermitas-de-guadalupe","status":"publish","type":"post","link":"https:\/\/blogs.hoy.es\/senderosextremadura\/2013\/05\/03\/ruta-por-las-ermitas-de-guadalupe\/","title":{"rendered":"Ruta por las ermitas de Guadalupe"},"content":{"rendered":"<p><a href=\"https:\/\/blogs.hoy.es\/senderosextremadura\/\"><img loading=\"lazy\" class=\"aligncenter size-large wp-image-1698\" title=\"\" src=\"\/senderosextremadura\/wp-content\/uploads\/sites\/22\/2013\/05\/GUADALUPE-.jpg\" alt=\"\" width=\"600\" height=\"278\" srcset=\"https:\/\/static-blogs.hoy.es\/wp-content\/uploads\/sites\/22\/2013\/05\/GUADALUPE-.jpg 647w, https:\/\/static-blogs.hoy.es\/wp-content\/uploads\/sites\/22\/2013\/05\/GUADALUPE--300x139.jpg 300w, https:\/\/static-blogs.hoy.es\/wp-content\/uploads\/sites\/22\/2013\/05\/GUADALUPE--600x278.jpg 600w\" sizes=\"(max-width: 600px) 100vw, 600px\" \/><\/a><\/p>\n<p><a href=\"http:\/\/www.hoy.es\/multimedia\/fotos\/ultimos\/119803-ruta-ermitas-guadalupe-0.html\" rel=\"external nofollow\"><strong>VER COMPLETA LA GALER\u00cdA DE FOTOS DE LA RUTA<\/strong><\/a><\/p>\n<p>Ya os contamos en un post anterior que el senderismo est\u00e1 pegando fuerte en la redacci\u00f3n del Diario\u00a0 HOY. Esta vez es la <strong>periodista Marisa Garc\u00eda<\/strong> la encargada de acercarnos un sendero extreme\u00f1o que quiz\u00e1 muchos de vosotros ya hay\u00e1is recorrido. Se trata de la <strong>Ruta por las Ermitas de Guadalupe<\/strong>. Quiz\u00e1 muchos de vosotros la conozc\u00e1is bien. Se trata de un recorrido de 10 kil\u00f3metros y dificultad media. Aunque depende del ritmo, se tardan unas tres horas en recorrerlo. El sendero es de tierra y el tipo de recorrido es circular a lo largo de la rivera del r\u00edo Guadalupe, en las laderas de <a href=\"http:\/\/www.geoparquevilluercas.es\/\" rel=\"external nofollow\"><strong>Las Villuercas.<\/strong><\/a> En estos d\u00edas primaverales es una gozada disfrutar del colorido de la ruta y de los magn\u00edficos paisajes por los que se atraviesa.<\/p>\n<p><!--more--><\/p>\n<p>La ruta parte de la <a href=\"http:\/\/www.monasterioguadalupe.com\/\" target=\"_blank\" rel=\"external nofollow\"><strong>Plaza de Santa mar\u00eda de Guadalupe<\/strong><\/a> hacia el viaducto, puente coonstruido a mitad del siglo XX dentro de lo que eran las obras del ferrocarril, que no llegaron a su fin, por lo que la v\u00eda qued\u00f3 inutilizada, pero se puede transitar por \u00e9l. Desde el puente se divisan unas magn\u00edficas vistas hacia el pico Villuercas y el r\u00edo Guadalupejo. M\u00e1s adelante se llega al puente del Palomo y tras pasar debajo de \u00e9l se inicia la subida, entre campos de casta\u00f1os y olivos, hacia la ermita de San Blas, oratorio roral de esilo g\u00f3tico, construida en el siglo XV y restaurada en 1945.<\/p>\n<p>Contin\u00faa la marcha por el camino de <strong>Vallehermoso<\/strong>, con algo m\u00e1s de dificultad porque es de subida, donde los casta\u00f1os se van alternando con pinos, zarzas y jaras. Llegamos a la <strong>ermita de Santa Catalina<\/strong>, oratorio rural de estilo g\u00f3tico construido en el siglo XVI y reformada en 1967. Aqu\u00ed confluye el camino de Ca\u00f1amero y se divisan unas magn\u00edficas vistas de la Puebla y las tierras que la rodean. En la parte norte se atisba la ermita del Humilladero, de estilo g\u00f3tico-mud\u00e9jar realizada en el siglo XV. Aqu\u00ed se arrodillaban los cautivos redimidos y los peregrinos para venerar a la Virgen de Guadalupe al divisar por primera vez el santuario. Uno de esos cautivos fue <a href=\"http:\/\/en.wikipedia.org\/wiki\/Miguel_de_Cervantes\" target=\"_blank\" rel=\"external nofollow\"><strong>Miguel de Cervantes<\/strong><\/a>, que acudi\u00f3 a Guadalupe a ofertar los grilletes que los turcos le pusieron durante su apresamiento en Or\u00e1n.<\/p>\n<p>La bajada se inicia entre pinares y madro\u00f1as para llegar al puente de Ca\u00f1amero y tras cruzarlo un camino asfaltado nos lleva a la Puebla baja. Tras pasar por la fuente del Piojo, la Cruz de la Ventilla y el Arco del Tinte, antigua puerta de entrada de la zona este llegamos al monasterio de Guadalupe.<\/p>\n<p><a href=\"https:\/\/blogs.hoy.es\/senderosextremadura\/\"><img loading=\"lazy\" class=\"aligncenter size-large wp-image-1699\" title=\"\" src=\"\/senderosextremadura\/wp-content\/uploads\/sites\/22\/2013\/05\/guadalupe.jpg\" alt=\"\" width=\"600\" height=\"278\" srcset=\"https:\/\/static-blogs.hoy.es\/wp-content\/uploads\/sites\/22\/2013\/05\/guadalupe.jpg 647w, https:\/\/static-blogs.hoy.es\/wp-content\/uploads\/sites\/22\/2013\/05\/guadalupe-300x139.jpg 300w, https:\/\/static-blogs.hoy.es\/wp-content\/uploads\/sites\/22\/2013\/05\/guadalupe-600x278.jpg 600w\" sizes=\"(max-width: 600px) 100vw, 600px\" \/><\/a><\/p>\n<p><a href=\"http:\/\/www.geoparquevilluercas.es\/rutas\/\" target=\"_blank\" rel=\"external nofollow\"><strong>M\u00e1s rutas por el Geoparque Villuercas-Ibores.<\/strong><\/a><\/p>\n<!-- AddThis Advanced Settings generic via filter on the_content --><!-- AddThis Share Buttons generic via filter on the_content -->","protected":false},"excerpt":{"rendered":"<p>VER COMPLETA LA GALER\u00cdA DE FOTOS DE LA RUTA Ya os contamos en un post anterior que el senderismo est\u00e1 pegando fuerte en la redacci\u00f3n del Diario\u00a0 HOY. Esta vez es la periodista Marisa Garc\u00eda la encargada de acercarnos un sendero extreme\u00f1o que quiz\u00e1 muchos de vosotros ya hay\u00e1is recorrido. Se trata de la Ruta [&hellip;]<!-- AddThis Advanced Settings generic via filter on get_the_excerpt --><!-- AddThis Share Buttons generic via filter on get_the_excerpt --><\/p>\n","protected":false},"author":27,"featured_media":0,"comment_status":"open","ping_status":"closed","sticky":false,"template":"","format":"standard","meta":[],"categories":[4],"tags":[],"_links":{"self":[{"href":"https:\/\/blogs.hoy.es\/senderosextremadura\/wp-json\/wp\/v2\/posts\/1696"}],"collection":[{"href":"https:\/\/blogs.hoy.es\/senderosextremadura\/wp-json\/wp\/v2\/posts"}],"about":[{"href":"https:\/\/blogs.hoy.es\/senderosextremadura\/wp-json\/wp\/v2\/types\/post"}],"author":[{"embeddable":true,"href":"https:\/\/blogs.hoy.es\/senderosextremadura\/wp-json\/wp\/v2\/users\/27"}],"replies":[{"embeddable":true,"href":"https:\/\/blogs.hoy.es\/senderosextremadura\/wp-json\/wp\/v2\/comments?post=1696"}],"version-history":[{"count":0,"href":"https:\/\/blogs.hoy.es\/senderosextremadura\/wp-json\/wp\/v2\/posts\/1696\/revisions"}],"wp:attachment":[{"href":"https:\/\/blogs.hoy.es\/senderosextremadura\/wp-json\/wp\/v2\/media?parent=1696"}],"wp:term":[{"taxonomy":"category","embeddable":true,"href":"https:\/\/blogs.hoy.es\/senderosextremadura\/wp-json\/wp\/v2\/categories?post=1696"},{"taxonomy":"post_tag","embeddable":true,"href":"https:\/\/blogs.hoy.es\/senderosextremadura\/wp-json\/wp\/v2\/tags?post=1696"}],"curies":[{"name":"wp","href":"https:\/\/api.w.org\/{rel}","templated":true}]}}