{"id":1709,"date":"2013-05-06T09:22:22","date_gmt":"2013-05-06T09:22:22","guid":{"rendered":"http:\/\/blogs.hoy.es\/senderosextremadura\/?p=1709"},"modified":"2013-05-06T09:22:22","modified_gmt":"2013-05-06T09:22:22","slug":"iv-ruta-del-contrabando-transfronteriza-en-zarza-la-mayor-19-de-mayo","status":"publish","type":"post","link":"https:\/\/blogs.hoy.es\/senderosextremadura\/2013\/05\/06\/iv-ruta-del-contrabando-transfronteriza-en-zarza-la-mayor-19-de-mayo\/","title":{"rendered":"IV Ruta del Contrabando Transfronteriza en Zarza la Mayor (19 de mayo)"},"content":{"rendered":"<p><strong><a href=\"https:\/\/blogs.hoy.es\/senderosextremadura\/\"><img loading=\"lazy\" class=\"aligncenter size-large wp-image-1711\" title=\"\" src=\"\/senderosextremadura\/wp-content\/uploads\/sites\/22\/2013\/05\/ruta-zarza-mayor.jpg\" alt=\"\" width=\"600\" height=\"393\" srcset=\"https:\/\/static-blogs.hoy.es\/wp-content\/uploads\/sites\/22\/2013\/05\/ruta-zarza-mayor.jpg 1067w, https:\/\/static-blogs.hoy.es\/wp-content\/uploads\/sites\/22\/2013\/05\/ruta-zarza-mayor-300x197.jpg 300w, https:\/\/static-blogs.hoy.es\/wp-content\/uploads\/sites\/22\/2013\/05\/ruta-zarza-mayor-768x504.jpg 768w, https:\/\/static-blogs.hoy.es\/wp-content\/uploads\/sites\/22\/2013\/05\/ruta-zarza-mayor-600x394.jpg 600w\" sizes=\"(max-width: 600px) 100vw, 600px\" \/><\/a><\/strong><\/p>\n<p><strong>Extremadura<\/strong> comparte con Portugal casi <strong>430 ki\u00f3metros de frontera<\/strong>. La historia est\u00e1 llena de episodios que desdibujaron una Raya. El contrabando es uno de los fen\u00f3menos trasnfronterizos contempor\u00e1neos de mayor internsidad. Numerosas sendas recuerdan los pasos de aquellos que encontraron as\u00ed la manera de ganarse el pan.\u00a0 La <strong>IV Ruta del Contrabando Transfronteriza se celebrar\u00e1 en Zarza la Mayor<\/strong> el d\u00eda 19 de mayo de 2013 con salida de la Plaza Mayor a las 9.00 horas. La ruta es lineal con ida y vuelta de 16 kil\u00f3metros aproximadamente en total, uniendo la localidad espa\u00f1ola de <a href=\"http:\/\/www.zarzalamayor.com\/\" target=\"_blank\" rel=\"external nofollow\"><strong>Zarza la Mayor<\/strong><\/a> y la portuguesa de <strong>Salvaterra do Extremo<\/strong>, donde los contrabandistas realizaban sus labores, principalmente con el caf\u00e9. Cabe destacar que esta Ruta rememora el contrabando en la Raya entre Extremadura y Portugal.<\/p>\n<p>Est\u00e1 incluida en el circuito extreme\u00f1o de rutas senderistas y organizada por el Programa de Dinamizaci\u00f3n Deportiva de la Mancomunidad Rivera de Fresnedosa y el Ayuntamiento de Zarza la Mayor con la colaboraci\u00f3n de &#8220;Alimentos Extremadura&#8221;. La cuota de participaci\u00f3n es de 4 euros por persona que incluye camiseta , avituallamiento, seguro de accidente y pincho final.. Debes ingresarlo en la cuenta del Ayuntamiento de Zarza la Mayor n\u00ba 2048 1215 14 3400000060 haciendo constar tu nombre y la palabra \u201ctransfronteriza\u201d.<\/p>\n<p>&nbsp;<\/p>\n<p>El plazo de inscripci\u00f3n permanecer\u00e1 abierto hasta el 17 de mayo a las 14.00 horas o hasta que se alcance el m\u00e1ximo de participantes que ser\u00e1 de 180 personas.<\/p>\n<p>M\u00e1s informaci\u00f3n en la p\u00e1gina web: www.zarzalamayor.com &#8212; Roberto Arribas Leno Dinamizador Deportivo &#8221; Mancomunidad Integral Rivera de Fresnedosa&#8221; Tlfno contacto: 627899634<\/p>\n<!-- AddThis Advanced Settings generic via filter on the_content --><!-- AddThis Share Buttons generic via filter on the_content -->","protected":false},"excerpt":{"rendered":"<p>Extremadura comparte con Portugal casi 430 ki\u00f3metros de frontera. La historia est\u00e1 llena de episodios que desdibujaron una Raya. El contrabando es uno de los fen\u00f3menos trasnfronterizos contempor\u00e1neos de mayor internsidad. Numerosas sendas recuerdan los pasos de aquellos que encontraron as\u00ed la manera de ganarse el pan.\u00a0 La IV Ruta del Contrabando Transfronteriza se celebrar\u00e1 [&hellip;]<!-- AddThis Advanced Settings generic via filter on get_the_excerpt --><!-- AddThis Share Buttons generic via filter on get_the_excerpt --><\/p>\n","protected":false},"author":27,"featured_media":0,"comment_status":"open","ping_status":"closed","sticky":false,"template":"","format":"standard","meta":[],"categories":[4],"tags":[],"_links":{"self":[{"href":"https:\/\/blogs.hoy.es\/senderosextremadura\/wp-json\/wp\/v2\/posts\/1709"}],"collection":[{"href":"https:\/\/blogs.hoy.es\/senderosextremadura\/wp-json\/wp\/v2\/posts"}],"about":[{"href":"https:\/\/blogs.hoy.es\/senderosextremadura\/wp-json\/wp\/v2\/types\/post"}],"author":[{"embeddable":true,"href":"https:\/\/blogs.hoy.es\/senderosextremadura\/wp-json\/wp\/v2\/users\/27"}],"replies":[{"embeddable":true,"href":"https:\/\/blogs.hoy.es\/senderosextremadura\/wp-json\/wp\/v2\/comments?post=1709"}],"version-history":[{"count":0,"href":"https:\/\/blogs.hoy.es\/senderosextremadura\/wp-json\/wp\/v2\/posts\/1709\/revisions"}],"wp:attachment":[{"href":"https:\/\/blogs.hoy.es\/senderosextremadura\/wp-json\/wp\/v2\/media?parent=1709"}],"wp:term":[{"taxonomy":"category","embeddable":true,"href":"https:\/\/blogs.hoy.es\/senderosextremadura\/wp-json\/wp\/v2\/categories?post=1709"},{"taxonomy":"post_tag","embeddable":true,"href":"https:\/\/blogs.hoy.es\/senderosextremadura\/wp-json\/wp\/v2\/tags?post=1709"}],"curies":[{"name":"wp","href":"https:\/\/api.w.org\/{rel}","templated":true}]}}