{"id":1718,"date":"2013-05-07T08:36:55","date_gmt":"2013-05-07T08:36:55","guid":{"rendered":"http:\/\/blogs.hoy.es\/senderosextremadura\/?p=1718"},"modified":"2013-05-07T08:36:55","modified_gmt":"2013-05-07T08:36:55","slug":"olivenza-traslada-al-medievo-a-400-senderistas-en-la-ruta-de-los-matacanes","status":"publish","type":"post","link":"https:\/\/blogs.hoy.es\/senderosextremadura\/2013\/05\/07\/olivenza-traslada-al-medievo-a-400-senderistas-en-la-ruta-de-los-matacanes\/","title":{"rendered":"Olivenza traslada al Medievo a 400 senderistas en la Ruta de los Matacanes"},"content":{"rendered":"<p><a href=\"https:\/\/blogs.hoy.es\/senderosextremadura\/\"><img loading=\"lazy\" class=\"aligncenter size-large wp-image-1719\" title=\"\" src=\"\/senderosextremadura\/wp-content\/uploads\/sites\/22\/2013\/05\/medievo-senderistas.jpg\" alt=\"\" width=\"600\" height=\"279\" srcset=\"https:\/\/static-blogs.hoy.es\/wp-content\/uploads\/sites\/22\/2013\/05\/medievo-senderistas.jpg 645w, https:\/\/static-blogs.hoy.es\/wp-content\/uploads\/sites\/22\/2013\/05\/medievo-senderistas-300x140.jpg 300w, https:\/\/static-blogs.hoy.es\/wp-content\/uploads\/sites\/22\/2013\/05\/medievo-senderistas-600x279.jpg 600w\" sizes=\"(max-width: 600px) 100vw, 600px\" \/><\/a><\/p>\n<p><a href=\"http:\/\/www.hoy.es\/multimedia\/fotos\/ultimos\/120014-prisinas-transporta-medievo-senderistas-ruta-matacanes-0.html\" target=\"_blank\" rel=\"external nofollow\"><strong>VER TODAS LAS IM\u00c1GENES DE LA RUTA POR OLIVENZA (Fuente: Club Prisi\u00f1as)<\/strong><\/a><\/p>\n<p>&nbsp;<\/p>\n<p><span style=\"font-size: medium;\">\u201cBien hallados damas y caballeros, o\u00edd en buena hora mi preg\u00f3n. El abad de nuestra orden, en nombre de <strong>nuestro amado Rey Alfonso<\/strong>, me ha enviado a recibiros, para as\u00ed daros la bienvenida al camino por el cual transitar\u00e9is durante esta ma\u00f1ana del cinco de mayo. Quiero advertiros que si os\u00e1is entrar en este sendero, hallar\u00e9is gente de bien, mas tambi\u00e9n gente de mala fe que os mostrar\u00e1 su cara amable, pero bajo su rostro esconder\u00e1 maldad. <\/span><\/p>\n<p><span style=\"font-size: medium;\">Tened cuidado en vuestro caminar, mas no tem\u00e1is, porque os amparar\u00e1n cabalgando sobre sus monturas, los soldados de este, nuestro reino. Y hemos dispuesto que haya dos lugares donde recobrar\u00e9is fuerzas para proseguir vuestro viaje. Dos posadas donde os atender\u00e1n y os dar\u00e1n cobijo, saciando vuestra sed y calmando vuestra hambre a s\u00f3lo unas leguas de aqu\u00ed. Mucho hab\u00e9is de andar\u2026 as\u00ed pues, proseguid vuestro camino. Rezar\u00e9 una oraci\u00f3n por vuestras almas, en esta sin par aventura de la <strong>Ruta de los Matacanes<\/strong>\u201d.<\/span><\/p>\n<p><span style=\"font-size: medium;\"><a href=\"https:\/\/blogs.hoy.es\/senderosextremadura\/2013\/05\/07\/olivenza-traslada-al-medievo-a-400-senderistas-en-la-ruta-de-los-matacanes\/mat42_755240245_n\/\" rel=\"attachment wp-att-1722\"><img loading=\"lazy\" class=\"alignleft  wp-image-1722\" title=\"\" src=\"\/senderosextremadura\/wp-content\/uploads\/sites\/22\/2013\/05\/mat42_755240245_n.jpg\" alt=\"\" width=\"268\" height=\"400\" \/><\/a>As\u00ed recib\u00eda el monje de la <a href=\"www.hoyolivenza.es\"><strong>villa de Olivenza<\/strong><\/a> a los m\u00e1s de 400 valientes que se enfrentaron este domingo a la singular Ruta de los Matacanes organizada por el joven <a href=\"http:\/\/www.clubsenderistaolivenza.es\/\" target=\"_blank\" rel=\"external nofollow\"><strong>club senderista Los Prisi\u00f1as.<\/strong><\/a> Tras un exquisito desayuno, el batall\u00f3n parti\u00f3 a las nueve y quince minutos, como estaba previsto. Al llegar al camino,\u00a0 el grupo de actores de Calamonte y Olivenza consigui\u00f3 transportarlos al Medievo, a trav\u00e9s de peque\u00f1as escenificaciones. Fue un recorrido duro, sobre todo porque el sol se hizo bien presente, pero muy alegre y ameno. <\/span><\/p>\n<p><span style=\"font-size: medium;\">Todos disfrutaron de la historia de los dos soldados a caballo en busca de una hermosa mujer acusada de brujer\u00eda. Durante el camino encontraron la Posada de las \u00c1nimas y la de la Laguna, donde los posaderos, le\u00f1adores, campesinos, ni\u00f1os hu\u00e9rfanos, lavanderas, y otros personajes de la \u00e9poca les atendieron para aliviar su cansancio. Los caminantes, a llegar de nuevo a la villa oliventina, pudieron degustar una caldereta exquisita y un gazpacho.<\/span><br \/>\n<span style=\"font-size: medium;\"> Las ilusiones que todos hab\u00edan puesto en esta ruta se vieron recompensadas por las sonrisas de los senderistas y por las palabras de agradecimiento. Fue sin duda un d\u00eda diferente como ya hab\u00edan anunciado Los Prisi\u00f1as, que ya est\u00e1n pensando en su pr\u00f3xima ruta, esta vez nocturna y tambi\u00e9n llena de sorpresas, que se llamar\u00e1 la Ruta de las Corujas. Toda la informaci\u00f3n estar\u00e1 en su web <a href=\"http:\/\/www.clubsenderistaolivenza.es\/\" rel=\"external nofollow\"><strong>www.clubsenderistaolivenza.es<\/strong><\/a> y en <a href=\"https:\/\/www.facebook.com\/club.prisinas\" target=\"_blank\" rel=\"external nofollow\"><strong>su Facebook<\/strong>.<\/a><\/span><\/p>\n<p>&nbsp;<\/p>\n<p><a href=\"https:\/\/blogs.hoy.es\/senderosextremadura\/\"><img loading=\"lazy\" class=\"alignright size-large wp-image-1721\" title=\"desayuno-matacanes\" src=\"\/senderosextremadura\/wp-content\/uploads\/sites\/22\/2013\/05\/desayuno-matacanes.jpg\" alt=\"\" width=\"600\" height=\"386\" srcset=\"https:\/\/static-blogs.hoy.es\/wp-content\/uploads\/sites\/22\/2013\/05\/desayuno-matacanes.jpg 1280w, https:\/\/static-blogs.hoy.es\/wp-content\/uploads\/sites\/22\/2013\/05\/desayuno-matacanes-300x193.jpg 300w, https:\/\/static-blogs.hoy.es\/wp-content\/uploads\/sites\/22\/2013\/05\/desayuno-matacanes-768x494.jpg 768w, https:\/\/static-blogs.hoy.es\/wp-content\/uploads\/sites\/22\/2013\/05\/desayuno-matacanes-600x386.jpg 600w\" sizes=\"(max-width: 600px) 100vw, 600px\" \/><\/a><\/p>\n<!-- AddThis Advanced Settings generic via filter on the_content --><!-- AddThis Share Buttons generic via filter on the_content -->","protected":false},"excerpt":{"rendered":"<p>VER TODAS LAS IM\u00c1GENES DE LA RUTA POR OLIVENZA (Fuente: Club Prisi\u00f1as) &nbsp; \u201cBien hallados damas y caballeros, o\u00edd en buena hora mi preg\u00f3n. El abad de nuestra orden, en nombre de nuestro amado Rey Alfonso, me ha enviado a recibiros, para as\u00ed daros la bienvenida al camino por el cual transitar\u00e9is durante esta ma\u00f1ana [&hellip;]<!-- AddThis Advanced Settings generic via filter on get_the_excerpt --><!-- AddThis Share Buttons generic via filter on get_the_excerpt --><\/p>\n","protected":false},"author":27,"featured_media":0,"comment_status":"open","ping_status":"closed","sticky":false,"template":"","format":"standard","meta":[],"categories":[4],"tags":[86,587,735,917],"_links":{"self":[{"href":"https:\/\/blogs.hoy.es\/senderosextremadura\/wp-json\/wp\/v2\/posts\/1718"}],"collection":[{"href":"https:\/\/blogs.hoy.es\/senderosextremadura\/wp-json\/wp\/v2\/posts"}],"about":[{"href":"https:\/\/blogs.hoy.es\/senderosextremadura\/wp-json\/wp\/v2\/types\/post"}],"author":[{"embeddable":true,"href":"https:\/\/blogs.hoy.es\/senderosextremadura\/wp-json\/wp\/v2\/users\/27"}],"replies":[{"embeddable":true,"href":"https:\/\/blogs.hoy.es\/senderosextremadura\/wp-json\/wp\/v2\/comments?post=1718"}],"version-history":[{"count":0,"href":"https:\/\/blogs.hoy.es\/senderosextremadura\/wp-json\/wp\/v2\/posts\/1718\/revisions"}],"wp:attachment":[{"href":"https:\/\/blogs.hoy.es\/senderosextremadura\/wp-json\/wp\/v2\/media?parent=1718"}],"wp:term":[{"taxonomy":"category","embeddable":true,"href":"https:\/\/blogs.hoy.es\/senderosextremadura\/wp-json\/wp\/v2\/categories?post=1718"},{"taxonomy":"post_tag","embeddable":true,"href":"https:\/\/blogs.hoy.es\/senderosextremadura\/wp-json\/wp\/v2\/tags?post=1718"}],"curies":[{"name":"wp","href":"https:\/\/api.w.org\/{rel}","templated":true}]}}