{"id":175,"date":"2012-03-11T11:45:04","date_gmt":"2012-03-11T11:45:04","guid":{"rendered":"http:\/\/blogs.hoy.es\/senderosextremadura\/?p=175"},"modified":"2012-03-11T11:45:04","modified_gmt":"2012-03-11T11:45:04","slug":"valle-de-los-pedroches-con-tomillo-y-oregano-18-de-marzo","status":"publish","type":"post","link":"https:\/\/blogs.hoy.es\/senderosextremadura\/2012\/03\/11\/valle-de-los-pedroches-con-tomillo-y-oregano-18-de-marzo\/","title":{"rendered":"Valle de los Pedroches con &#039;Tomillo y Or\u00e9gano&#039; (18 de marzo)"},"content":{"rendered":"<p><img loading=\"lazy\" class=\"size-medium wp-image-176  alignright\" src=\"\/senderosextremadura\/wp-content\/uploads\/sites\/22\/2012\/03\/altas1.jpg\" alt=\"\" width=\"300\" height=\"283\" srcset=\"https:\/\/static-blogs.hoy.es\/wp-content\/uploads\/sites\/22\/2012\/03\/altas1.jpg 1024w, https:\/\/static-blogs.hoy.es\/wp-content\/uploads\/sites\/22\/2012\/03\/altas1-300x284.jpg 300w, https:\/\/static-blogs.hoy.es\/wp-content\/uploads\/sites\/22\/2012\/03\/altas1-768x726.jpg 768w, https:\/\/static-blogs.hoy.es\/wp-content\/uploads\/sites\/22\/2012\/03\/altas1-600x567.jpg 600w\" sizes=\"(max-width: 300px) 100vw, 300px\" \/><\/p>\n<h2>El calendario 2012 de rutas senderistas de la <strong><a href=\"http:\/\/llerena.org\/astoll\/\" target=\"_blank\" rel=\"external nofollow\">Asociaci\u00f3n Tomillo y Or\u00e9gano de Llerena<\/a><\/strong> prev\u00e9 para el pr\u00f3ximo <strong>18 de marzo<\/strong> una marcha por la comarca cordobesa del\u00a0<strong>Valle de Los Pedroches<\/strong>.<\/h2>\n<h2>Se llegar\u00e1 hasta el punto de salida de la marcha en autob\u00fas. La salida desde Llerena est\u00e1 prevista para las 7.30 de la ma\u00f1ana. El recorrido es de dificultad media y comprende una distancia de 18 kil\u00f3metros.<\/h2>\n<h2><a href=\"\/senderosextremadura\/wp-content\/uploads\/sites\/22\/2012\/03\/actividades.jpg\"><img loading=\"lazy\" class=\"alignleft size-medium wp-image-177\" title=\"actividades\" src=\"\/senderosextremadura\/wp-content\/uploads\/sites\/22\/2012\/03\/actividades.jpg\" alt=\"\" width=\"196\" height=\"300\" srcset=\"https:\/\/static-blogs.hoy.es\/wp-content\/uploads\/sites\/22\/2012\/03\/actividades.jpg 700w, https:\/\/static-blogs.hoy.es\/wp-content\/uploads\/sites\/22\/2012\/03\/actividades-600x915.jpg 600w\" sizes=\"(max-width: 196px) 100vw, 196px\" \/><\/a>La participaci\u00f3n en esta actividad, as\u00ed como en el resto de las programadas por el colectivo Tomillo y Or\u00e9gano, est\u00e1 abierta a cualquiera que tenga ganas de pasar un rato agradable, sea o no sea asociado.<\/h2>\n<p>&nbsp;<\/p>\n<p>M\u00c1S INFORMACI\u00d3N EN:<\/p>\n<p><a href=\"http:\/\/llerena.org\/astoll\/\" target=\"_blank\" rel=\"external nofollow\">Asociaci\u00f3n de Senderismo Tomillo y Or\u00e9gano<\/a><\/p>\n<p><a href=\"mailto:astoll@llerena.org\">astoll@llerena.org\u00a0<\/a><\/p>\n<!-- AddThis Advanced Settings generic via filter on the_content --><!-- AddThis Share Buttons generic via filter on the_content -->","protected":false},"excerpt":{"rendered":"<p>El calendario 2012 de rutas senderistas de la Asociaci\u00f3n Tomillo y Or\u00e9gano de Llerena prev\u00e9 para el pr\u00f3ximo 18 de marzo una marcha por la comarca cordobesa del\u00a0Valle de Los Pedroches. Se llegar\u00e1 hasta el punto de salida de la marcha en autob\u00fas. La salida desde Llerena est\u00e1 prevista para las 7.30 de la ma\u00f1ana. [&hellip;]<!-- AddThis Advanced Settings generic via filter on get_the_excerpt --><!-- AddThis Share Buttons generic via filter on get_the_excerpt --><\/p>\n","protected":false},"author":27,"featured_media":0,"comment_status":"open","ping_status":"closed","sticky":false,"template":"","format":"standard","meta":[],"categories":[4],"tags":[453,591,613,1017],"_links":{"self":[{"href":"https:\/\/blogs.hoy.es\/senderosextremadura\/wp-json\/wp\/v2\/posts\/175"}],"collection":[{"href":"https:\/\/blogs.hoy.es\/senderosextremadura\/wp-json\/wp\/v2\/posts"}],"about":[{"href":"https:\/\/blogs.hoy.es\/senderosextremadura\/wp-json\/wp\/v2\/types\/post"}],"author":[{"embeddable":true,"href":"https:\/\/blogs.hoy.es\/senderosextremadura\/wp-json\/wp\/v2\/users\/27"}],"replies":[{"embeddable":true,"href":"https:\/\/blogs.hoy.es\/senderosextremadura\/wp-json\/wp\/v2\/comments?post=175"}],"version-history":[{"count":0,"href":"https:\/\/blogs.hoy.es\/senderosextremadura\/wp-json\/wp\/v2\/posts\/175\/revisions"}],"wp:attachment":[{"href":"https:\/\/blogs.hoy.es\/senderosextremadura\/wp-json\/wp\/v2\/media?parent=175"}],"wp:term":[{"taxonomy":"category","embeddable":true,"href":"https:\/\/blogs.hoy.es\/senderosextremadura\/wp-json\/wp\/v2\/categories?post=175"},{"taxonomy":"post_tag","embeddable":true,"href":"https:\/\/blogs.hoy.es\/senderosextremadura\/wp-json\/wp\/v2\/tags?post=175"}],"curies":[{"name":"wp","href":"https:\/\/api.w.org\/{rel}","templated":true}]}}