{"id":1762,"date":"2013-05-08T12:00:27","date_gmt":"2013-05-08T12:00:27","guid":{"rendered":"http:\/\/blogs.hoy.es\/senderosextremadura\/?p=1762"},"modified":"2013-05-08T12:00:27","modified_gmt":"2013-05-08T12:00:27","slug":"ruta-de-carlos-v-galeria","status":"publish","type":"post","link":"https:\/\/blogs.hoy.es\/senderosextremadura\/2013\/05\/08\/ruta-de-carlos-v-galeria\/","title":{"rendered":"Ruta de Carlos V (GALER\u00cdA)"},"content":{"rendered":"<p><a href=\"https:\/\/blogs.hoy.es\/senderosextremadura\/\"><img loading=\"lazy\" class=\"aligncenter size-large wp-image-1765\" title=\"\" src=\"\/senderosextremadura\/wp-content\/uploads\/sites\/22\/2013\/05\/carlos_326853447_n.jpg\" alt=\"\" width=\"600\" height=\"450\" srcset=\"https:\/\/static-blogs.hoy.es\/wp-content\/uploads\/sites\/22\/2013\/05\/carlos_326853447_n.jpg 960w, https:\/\/static-blogs.hoy.es\/wp-content\/uploads\/sites\/22\/2013\/05\/carlos_326853447_n-300x225.jpg 300w, https:\/\/static-blogs.hoy.es\/wp-content\/uploads\/sites\/22\/2013\/05\/carlos_326853447_n-768x576.jpg 768w, https:\/\/static-blogs.hoy.es\/wp-content\/uploads\/sites\/22\/2013\/05\/carlos_326853447_n-600x450.jpg 600w\" sizes=\"(max-width: 600px) 100vw, 600px\" \/><\/a><\/p>\n<p>&nbsp;<\/p>\n<p><a href=\"http:\/\/www.hoy.es\/multimedia\/fotos\/ultimos\/120070-ruta-carlos-explorer-0.html\" target=\"_blank\" rel=\"external nofollow\"><strong>VER GALER\u00cdA COMPLETA DE LA RUTA QUE HIZO EXPLORER<\/strong><\/a><\/p>\n<p>Cansado de su larga traves\u00eda desde Laredo, el emperador <strong>Carlos V<\/strong> decide hacer el recorrido m\u00e1s corto entre Tornavacas y Jarandilla en lugar de la ruta prevista que le llevar\u00eda por Plasencia. El monarca es llevado en silla de manos y en ocasiones a cuestas por lugare\u00f1os acostumbrados a recorrer estos senderos escarpados a trav\u00e9s de lo que ahora se conoce como Puerto de las Yeguas, que une las comarcas del Jerte y de la Vera. La ruta comienza en Tornavacas, localidad situada en la cabecera del <strong><a href=\"http:\/\/www.viajarporextremadura.com\/cubic\/ap\/cubic.php\/pag\/Continua--Los-tesoros-del-Ambroz-y-el-Jerte-98.htm\" rel=\"external nofollow\">Valle del Jerte<\/a><\/strong>, y nos dirigimos hacia la Ermita del Cristo del Humilladero, giramos a la izquierda y continuamos siempre en paralelo al r\u00edo Jerte por un camino se\u00f1alizado que pasa a trav\u00e9s de un bosque de robles y casta\u00f1os.<\/p>\n<p>Tras un par de horas de caminata llegamos al <strong>Collado de las Losas,<\/strong> cruzamos la pista para seguir rectos y comenzamos el descenso que nos llevar\u00e1 hasta el Puente de Carlos V (Puente Nuevo). El camino cruza la Garganta de la Serr\u00e1, que m\u00e1s abajo formar\u00e1 la <strong><a href=\"http:\/\/www.viajarporextremadura.com\/cubic\/ap\/cubic.php\/doc\/La-Garganta-de-los-Infiernos-8.htm\" rel=\"external nofollow\">Garganta de los Infiernos<\/a><\/strong>.<\/p>\n<p>Desde el Puente Nuevo retomamos el camino enlosado para comenzar la subida. La fuente de Roblehermoso nos sirve de referencia para seguir hacia la izquierda en la bifurcaci\u00f3n del caminio, con destino al Collado de la Encinilla, a unos 1590 metros sobre el nivel del mar. Llevamos ya unas 4 horas y llegamos a lo alto del collado, desde donde podemos ver nuestro siguiente punto de destino: el Puerto de las Yeguas.<a href=\"http:\/\/www.viajarporextremadura.com\/cubic\/ap\/cubic.php\/doc\/Senderismo.-Valle-del-Jerte.-Ruta-de-Carlos-V-117.htm\" rel=\"external nofollow\"><img loading=\"lazy\" class=\" wp-image-1764 alignright\" title=\"\" src=\"\/senderosextremadura\/wp-content\/uploads\/sites\/22\/2013\/05\/jarandilla-extremadura1.jpg\" alt=\"\" width=\"363\" height=\"467\" srcset=\"https:\/\/static-blogs.hoy.es\/wp-content\/uploads\/sites\/22\/2013\/05\/jarandilla-extremadura1.jpg 395w, https:\/\/static-blogs.hoy.es\/wp-content\/uploads\/sites\/22\/2013\/05\/jarandilla-extremadura1-233x300.jpg 233w\" sizes=\"(max-width: 363px) 100vw, 363px\" \/><\/a><\/p>\n<p>Nos adentramos en la Garganta del Collado de las Yeguas y subimos hasta alcanzar un altiplano situado en la parte superior. Cruzamos la garganta a trav\u00e9s de una pasarela y llegamos en pocos minutos al Puerto de las Yeguas, a unos 1480 metros de altura. El lugar perfecto para contemplar la <a href=\"http:\/\/www.viajarporextremadura.com\/cubic\/ap\/cubic.php\/doc\/Un-paseo-por-La-Vera-24.htm\" rel=\"external nofollow\">Comarca de la Vera<\/a>.<\/p>\n<p>Hemos superado ya el ecuador de la ruta y ahora nos queda la bajada hacia Jarandilla.<\/p>\n<p>Comenzamos el descenso que nos llevar\u00e1 en primer lugar a la Garganta del Yedr\u00f3n. Un lugar verdaderamente paradis\u00edaco.<\/p>\n<p>Seguimos la ladera para atravesar un bosque de robles y casta\u00f1os y cruzamos la carretera de Guijo de Santa B\u00e1rbara a Jarandilla. Avanzamos unos metros a la izquierda y encontramos la el camino a la derecha que nos lleva hasta el Puente de Palo, que cruza la Garganta de Jaranda.<\/p>\n<p>Un poco m\u00e1s all\u00e1 se ven las primeras casas de Jarandilla..<\/p>\n<p><a href=\"http:\/\/www.viajarporextremadura.com\/cubic\/ap\/cubic.php\/doc\/Senderismo.-Valle-del-Jerte.-Ruta-de-Carlos-V-117.htm\" target=\"_blank\" rel=\"external nofollow\"><strong>Fuente. Viajar por Extremadura<\/strong><\/a><\/p>\n<!-- AddThis Advanced Settings generic via filter on the_content --><!-- AddThis Share Buttons generic via filter on the_content -->","protected":false},"excerpt":{"rendered":"<p>&nbsp; VER GALER\u00cdA COMPLETA DE LA RUTA QUE HIZO EXPLORER Cansado de su larga traves\u00eda desde Laredo, el emperador Carlos V decide hacer el recorrido m\u00e1s corto entre Tornavacas y Jarandilla en lugar de la ruta prevista que le llevar\u00eda por Plasencia. El monarca es llevado en silla de manos y en ocasiones a cuestas [&hellip;]<!-- AddThis Advanced Settings generic via filter on get_the_excerpt --><!-- AddThis Share Buttons generic via filter on get_the_excerpt --><\/p>\n","protected":false},"author":27,"featured_media":0,"comment_status":"open","ping_status":"closed","sticky":false,"template":"","format":"standard","meta":[],"categories":[4],"tags":[],"_links":{"self":[{"href":"https:\/\/blogs.hoy.es\/senderosextremadura\/wp-json\/wp\/v2\/posts\/1762"}],"collection":[{"href":"https:\/\/blogs.hoy.es\/senderosextremadura\/wp-json\/wp\/v2\/posts"}],"about":[{"href":"https:\/\/blogs.hoy.es\/senderosextremadura\/wp-json\/wp\/v2\/types\/post"}],"author":[{"embeddable":true,"href":"https:\/\/blogs.hoy.es\/senderosextremadura\/wp-json\/wp\/v2\/users\/27"}],"replies":[{"embeddable":true,"href":"https:\/\/blogs.hoy.es\/senderosextremadura\/wp-json\/wp\/v2\/comments?post=1762"}],"version-history":[{"count":0,"href":"https:\/\/blogs.hoy.es\/senderosextremadura\/wp-json\/wp\/v2\/posts\/1762\/revisions"}],"wp:attachment":[{"href":"https:\/\/blogs.hoy.es\/senderosextremadura\/wp-json\/wp\/v2\/media?parent=1762"}],"wp:term":[{"taxonomy":"category","embeddable":true,"href":"https:\/\/blogs.hoy.es\/senderosextremadura\/wp-json\/wp\/v2\/categories?post=1762"},{"taxonomy":"post_tag","embeddable":true,"href":"https:\/\/blogs.hoy.es\/senderosextremadura\/wp-json\/wp\/v2\/tags?post=1762"}],"curies":[{"name":"wp","href":"https:\/\/api.w.org\/{rel}","templated":true}]}}