{"id":1766,"date":"2013-05-20T10:03:12","date_gmt":"2013-05-20T10:03:12","guid":{"rendered":"http:\/\/blogs.hoy.es\/senderosextremadura\/?p=1766"},"modified":"2013-05-20T10:03:12","modified_gmt":"2013-05-20T10:03:12","slug":"ruta-por-la-sierra-de-la-boveda-en-manchita-19-de-mayo","status":"publish","type":"post","link":"https:\/\/blogs.hoy.es\/senderosextremadura\/2013\/05\/20\/ruta-por-la-sierra-de-la-boveda-en-manchita-19-de-mayo\/","title":{"rendered":"Ruta por la Sierra de la B\u00f3veda de Manchita (GALER\u00cdA)"},"content":{"rendered":"<p><a href=\"https:\/\/blogs.hoy.es\/senderosextremadura\/\"><img loading=\"lazy\" class=\"aligncenter size-large wp-image-1819\" title=\"Imagen de la ruta por Manchita:: AGUST\u00cdN PALOMARES\" src=\"\/senderosextremadura\/wp-content\/uploads\/sites\/22\/2013\/05\/MANCHITA.jpg\" alt=\"\" width=\"600\" height=\"400\" srcset=\"https:\/\/static-blogs.hoy.es\/wp-content\/uploads\/sites\/22\/2013\/05\/MANCHITA.jpg 855w, https:\/\/static-blogs.hoy.es\/wp-content\/uploads\/sites\/22\/2013\/05\/MANCHITA-300x200.jpg 300w, https:\/\/static-blogs.hoy.es\/wp-content\/uploads\/sites\/22\/2013\/05\/MANCHITA-768x512.jpg 768w, https:\/\/static-blogs.hoy.es\/wp-content\/uploads\/sites\/22\/2013\/05\/MANCHITA-600x400.jpg 600w\" sizes=\"(max-width: 600px) 100vw, 600px\" \/><\/a><\/p>\n<p><a href=\"http:\/\/www.hoy.es\/multimedia\/fotos\/ultimos\/120878-ruta-sierra-boveda-manchita-0.html\" rel=\"external nofollow\"><strong>VER TODAS LAS FOTOS DE LA RUTA<\/strong><\/a><\/p>\n<p>&nbsp;<\/p>\n<p><span style=\"font-size: medium;\">La <strong><a href=\"http:\/\/manchita.dip-badajoz.es\/index.php\/mod.pags\/mem.detalle\/idpag.4\/idmenu.100\/chk.7545e34aaad3f46bcc6b1c975bfc58f6.html\" target=\"_blank\" rel=\"external nofollow\">localidad pacense de Manchita<\/a>, entre Guare\u00f1a y Oliva de M\u00e9rida,<\/strong> celebr\u00f3 el pasado <strong>domingo 19 de mayo<\/strong> la <strong>Ruta Sierra de la B\u00f3veda<\/strong>. La marcha consiste en un recorrido circular por las inmediciaciones de la localidad adentr\u00e1ndose en la Sierra de la B\u00f3veda, desde donde se pueden disfrutar de unas excelentes vistas de parte de la comarca (su vertiente oriental).<\/span><\/p>\n<p><span style=\"font-size: medium;\">La distancia de la ruta es de\u00a0 18 km., y la dificultad media.<br \/>\n<\/span><\/p>\n<!-- AddThis Advanced Settings generic via filter on the_content --><!-- AddThis Share Buttons generic via filter on the_content -->","protected":false},"excerpt":{"rendered":"<p>VER TODAS LAS FOTOS DE LA RUTA &nbsp; La localidad pacense de Manchita, entre Guare\u00f1a y Oliva de M\u00e9rida, celebr\u00f3 el pasado domingo 19 de mayo la Ruta Sierra de la B\u00f3veda. La marcha consiste en un recorrido circular por las inmediciaciones de la localidad adentr\u00e1ndose en la Sierra de la B\u00f3veda, desde donde se [&hellip;]<!-- AddThis Advanced Settings generic via filter on get_the_excerpt --><!-- AddThis Share Buttons generic via filter on get_the_excerpt --><\/p>\n","protected":false},"author":27,"featured_media":0,"comment_status":"open","ping_status":"closed","sticky":false,"template":"","format":"standard","meta":[],"categories":[4],"tags":[478,982],"_links":{"self":[{"href":"https:\/\/blogs.hoy.es\/senderosextremadura\/wp-json\/wp\/v2\/posts\/1766"}],"collection":[{"href":"https:\/\/blogs.hoy.es\/senderosextremadura\/wp-json\/wp\/v2\/posts"}],"about":[{"href":"https:\/\/blogs.hoy.es\/senderosextremadura\/wp-json\/wp\/v2\/types\/post"}],"author":[{"embeddable":true,"href":"https:\/\/blogs.hoy.es\/senderosextremadura\/wp-json\/wp\/v2\/users\/27"}],"replies":[{"embeddable":true,"href":"https:\/\/blogs.hoy.es\/senderosextremadura\/wp-json\/wp\/v2\/comments?post=1766"}],"version-history":[{"count":0,"href":"https:\/\/blogs.hoy.es\/senderosextremadura\/wp-json\/wp\/v2\/posts\/1766\/revisions"}],"wp:attachment":[{"href":"https:\/\/blogs.hoy.es\/senderosextremadura\/wp-json\/wp\/v2\/media?parent=1766"}],"wp:term":[{"taxonomy":"category","embeddable":true,"href":"https:\/\/blogs.hoy.es\/senderosextremadura\/wp-json\/wp\/v2\/categories?post=1766"},{"taxonomy":"post_tag","embeddable":true,"href":"https:\/\/blogs.hoy.es\/senderosextremadura\/wp-json\/wp\/v2\/tags?post=1766"}],"curies":[{"name":"wp","href":"https:\/\/api.w.org\/{rel}","templated":true}]}}