{"id":1773,"date":"2013-05-13T15:01:15","date_gmt":"2013-05-13T15:01:15","guid":{"rendered":"http:\/\/blogs.hoy.es\/senderosextremadura\/?p=1773"},"modified":"2013-05-13T15:01:15","modified_gmt":"2013-05-13T15:01:15","slug":"via-verde-del-guadiana-25-y-26-de-mayo","status":"publish","type":"post","link":"https:\/\/blogs.hoy.es\/senderosextremadura\/2013\/05\/13\/via-verde-del-guadiana-25-y-26-de-mayo\/","title":{"rendered":"Fin de semana senderista en la V\u00eda verde del Guadiana (25 y 26 de mayo)"},"content":{"rendered":"<p><strong><a href=\"https:\/\/blogs.hoy.es\/senderosextremadura\/\"><img loading=\"lazy\" class=\"alignright  wp-image-1774\" title=\"\" src=\"\/senderosextremadura\/wp-content\/uploads\/sites\/22\/2013\/05\/931331_10151501297383163_1801655638_n.jpg\" alt=\"\" width=\"419\" height=\"300\" srcset=\"https:\/\/static-blogs.hoy.es\/wp-content\/uploads\/sites\/22\/2013\/05\/931331_10151501297383163_1801655638_n.jpg 960w, https:\/\/static-blogs.hoy.es\/wp-content\/uploads\/sites\/22\/2013\/05\/931331_10151501297383163_1801655638_n-300x215.jpg 300w, https:\/\/static-blogs.hoy.es\/wp-content\/uploads\/sites\/22\/2013\/05\/931331_10151501297383163_1801655638_n-768x550.jpg 768w, https:\/\/static-blogs.hoy.es\/wp-content\/uploads\/sites\/22\/2013\/05\/931331_10151501297383163_1801655638_n-600x430.jpg 600w\" sizes=\"(max-width: 419px) 100vw, 419px\" \/><\/a>Explorer<\/strong> te propone un fin de semana de senderismo y playa por la Sierra de Huelva y el Algarve, por la <strong>V\u00eda Verde del Guadiana<\/strong>. La actividad tendr\u00e1 lugar los d\u00edas 25 y 26 de mayo.\u00a0\u00a0 La ruta senderista tiene un recorrido de unos 17 kil\u00f3metros que discurren entre el Puerto de La Laja &#8211; en Huelva- y La Isabel. El hotel en el que se alojar\u00e1n los participantes se encuentra en el municipio de Altura. La dificultad es baja.<\/p>\n<p>SALIDA (S\u00e1bado, 25 \/ Mayo \/ 2013)<br \/>\n07,00h desde Badajoz (Aparcamientos de Iglesia San Jos\u00e9)<\/p>\n<p>REGRESO (Domingo, 26 \/ Mayo \/ 2013)<br \/>\n17,00h desde Altura (Algarve &#8211; Portugal)<\/p>\n<p>RECORRIDO: 17 Km<br \/>\nDIFICULTAD: Baja<\/p>\n<p>PRECIO PERSONA: 75 \u20ac HABITACI\u00d3N DOBLE || 69 \u20ac HABITACI\u00d3N TRIPLE<br \/>\nINCLUYE: Traslados I\/V, Hotel Eurotel Altura ****, Gu\u00eda titulado, Seguros, Etc<\/p>\n<p>PLAZO de INSCRIPCI\u00d3N: Hasta el 22 \/ Mayo \/ 2013<\/p>\n<p>FORMA de PAGO (Previa Inscripci\u00f3n):<br \/>\n1) INGRESO o TRANSFERENCIA BANCARIA<br \/>\nEntidad: Banco Sabadell<br \/>\nCCC: 0081 \/ 7850 \/ 34 \/ 0001206625<br \/>\nImporte: 75 \u20ac<br \/>\nConcepto: Fin de Semana de Senderismo y Playa &#8211; Nombre y Apelllidos (participante)<br \/>\n2) TARJETA BANCARIA<\/p>\n<p>INFORMACI\u00d3N e INSCRIPCI\u00d3N<br \/>\nEXPLORER \/ ZONAVIAJE<br \/>\nC\/ Santo Domingo, 49<br \/>\n06001 Badajoz<br \/>\nTlf: 902 999 163<\/p>\n<!-- AddThis Advanced Settings generic via filter on the_content --><!-- AddThis Share Buttons generic via filter on the_content -->","protected":false},"excerpt":{"rendered":"<p>Explorer te propone un fin de semana de senderismo y playa por la Sierra de Huelva y el Algarve, por la V\u00eda Verde del Guadiana. La actividad tendr\u00e1 lugar los d\u00edas 25 y 26 de mayo.\u00a0\u00a0 La ruta senderista tiene un recorrido de unos 17 kil\u00f3metros que discurren entre el Puerto de La Laja &#8211; [&hellip;]<!-- AddThis Advanced Settings generic via filter on get_the_excerpt --><!-- AddThis Share Buttons generic via filter on get_the_excerpt --><\/p>\n","protected":false},"author":27,"featured_media":0,"comment_status":"open","ping_status":"closed","sticky":false,"template":"","format":"standard","meta":[],"categories":[4],"tags":[],"_links":{"self":[{"href":"https:\/\/blogs.hoy.es\/senderosextremadura\/wp-json\/wp\/v2\/posts\/1773"}],"collection":[{"href":"https:\/\/blogs.hoy.es\/senderosextremadura\/wp-json\/wp\/v2\/posts"}],"about":[{"href":"https:\/\/blogs.hoy.es\/senderosextremadura\/wp-json\/wp\/v2\/types\/post"}],"author":[{"embeddable":true,"href":"https:\/\/blogs.hoy.es\/senderosextremadura\/wp-json\/wp\/v2\/users\/27"}],"replies":[{"embeddable":true,"href":"https:\/\/blogs.hoy.es\/senderosextremadura\/wp-json\/wp\/v2\/comments?post=1773"}],"version-history":[{"count":0,"href":"https:\/\/blogs.hoy.es\/senderosextremadura\/wp-json\/wp\/v2\/posts\/1773\/revisions"}],"wp:attachment":[{"href":"https:\/\/blogs.hoy.es\/senderosextremadura\/wp-json\/wp\/v2\/media?parent=1773"}],"wp:term":[{"taxonomy":"category","embeddable":true,"href":"https:\/\/blogs.hoy.es\/senderosextremadura\/wp-json\/wp\/v2\/categories?post=1773"},{"taxonomy":"post_tag","embeddable":true,"href":"https:\/\/blogs.hoy.es\/senderosextremadura\/wp-json\/wp\/v2\/tags?post=1773"}],"curies":[{"name":"wp","href":"https:\/\/api.w.org\/{rel}","templated":true}]}}