{"id":1776,"date":"2013-05-13T16:23:54","date_gmt":"2013-05-13T16:23:54","guid":{"rendered":"http:\/\/blogs.hoy.es\/senderosextremadura\/?p=1776"},"modified":"2013-05-13T16:23:54","modified_gmt":"2013-05-13T16:23:54","slug":"ruta-por-monfrague-para-personas-con-movilidad-reducida-18-de-mayo","status":"publish","type":"post","link":"https:\/\/blogs.hoy.es\/senderosextremadura\/2013\/05\/13\/ruta-por-monfrague-para-personas-con-movilidad-reducida-18-de-mayo\/","title":{"rendered":"Ruta por Monfrag\u00fce para personas con movilidad reducida (18 de mayo)"},"content":{"rendered":"<p><a href=\"https:\/\/blogs.hoy.es\/senderosextremadura\/\"><img loading=\"lazy\" class=\"aligncenter size-full wp-image-1778\" title=\"\" src=\"\/senderosextremadura\/wp-content\/uploads\/sites\/22\/2013\/05\/monfrague.jpg\" alt=\"\" width=\"600\" height=\"300\" srcset=\"https:\/\/static-blogs.hoy.es\/wp-content\/uploads\/sites\/22\/2013\/05\/monfrague.jpg 600w, https:\/\/static-blogs.hoy.es\/wp-content\/uploads\/sites\/22\/2013\/05\/monfrague-300x150.jpg 300w\" sizes=\"(max-width: 600px) 100vw, 600px\" \/><\/a><\/p>\n<p>Personas con problemas de movilidad podr\u00e1n disfrutar del Parque Nacional de Monfrag\u00fce. Un proyecto impulsado por la <a href=\"http:\/\/www.fundacionglobalnature.org\/index.php\/es\/\" target=\"_blank\" rel=\"external nofollow\"><strong>Fundaci\u00f3n Global Nature<\/strong><\/a>, <a href=\"http:\/\/www.cocemfecaceres.org\/webamp\/\" target=\"_blank\" rel=\"external nofollow\"><strong>Asociaci\u00f3n de Minusv\u00e1lidos de Plasencia<\/strong><\/a>, Plataforma sin Barreras, el apoyo de la <strong>Obra Social La Caixa<\/strong>, y la colaboraci\u00f3n del <strong>Parque Nacional <\/strong>y Gpex, permitir\u00e1 a personas con movilidad reducida hacer una ruta senderista con \u2018<strong>jo\u00eblettes<\/strong>\u2019, sillas de ruedas dise\u00f1adas para la <strong> pr\u00e1ctica del senderismo en cualquier tipo de terreno<\/strong>, incluso los accidentados.<\/p>\n<p>Se realizar\u00e1 el pr\u00f3ximo s\u00e1bado y s\u00f3lo podr\u00e1n participar aquellos que hayan completado el curso \u201cSenderismo adaptado con jo\u00eblette\u201d. Se trata de una experiencia solidaria de senderismo y educaci\u00f3n ambiental en equipo. Un proyecto impulsado por la Fundaci\u00f3n Global Nature, Asociaci\u00f3n de Minusv\u00e1lidos de Plasencia, Plataforma sin Barreras, el apoyo de la Obra Social La Caixa, y la colaboraci\u00f3n del Parque Nacional de Monfrag\u00fce y Gpex, permitir\u00e1 a personas con movilidad reducida hacer una ruta senderista con \u2018jo\u00eblettes\u2019 por el Parque Nacional de Monfrag\u00fce. Se realizar\u00e1 el pr\u00f3ximo s\u00e1bado y s\u00f3lo podr\u00e1n participar aquellos que hayan completado el curso \u201cSenderismo adaptado con jo\u00eblette\u201d. Se trata de una experiencia solidaria de senderismo y educaci\u00f3n ambiental en equipo.<\/p>\n<p>La \u2018jo\u00eblette\u2019 es una silla de rueda dise\u00f1ada para la pr\u00e1ctica del senderismo en cualquier tipo de terreno, incluso los accidentados. Incorpora una sola rueda, un sill\u00f3n, elementos de seguridad (frenos, amortiguaci\u00f3n, cintur\u00f3n) y dos brazos hacia delante y hacia atr\u00e1s. El senderismo con \u2018jo\u00eblette\u2019 es una modalidad diferente de senderismo y de acceso a la naturaleza. Una nueva forma de participaci\u00f3n ciudadana y solidaria, una actividad compartida entre personas con y sin dificultad para recorrer senderos. Los pasajeros pueden ser personas con discapacidad f\u00edsica, movilidad reducida u otras dificultades, con inter\u00e9s por las actividades de naturaleza y monta\u00f1a. La \u2018jo\u00eblette\u2019 puede adem\u00e1s ser utilizada para actividades de descubrimiento de la naturaleza y espacios naturales en acciones de educaci\u00f3n ambiental o peque\u00f1os paseos.<\/p>\n<p>La \u2018jo\u00eblette\u2019 incorpora una sola rueda, un sill\u00f3n, elementos de seguridad (frenos, amortiguaci\u00f3n, cintur\u00f3n) y dos brazos hacia delante y hacia atr\u00e1s. El <strong>senderismo con \u2018jo\u00eblette\u2019 es una modalidad diferente<\/strong> de senderismo y de acceso a la naturaleza. Una nueva forma de participaci\u00f3n ciudadana y solidaria, una actividad compartida entre personas con y sin dificultad para recorrer senderos. Los pasajeros pueden ser personas con discapacidad f\u00edsica, movilidad reducida u otras dificultades, con inter\u00e9s por las actividades de naturaleza y monta\u00f1a. La \u2018jo\u00eblette\u2019 puede adem\u00e1s ser utilizada para actividades de descubrimiento de la naturaleza y espacios naturales en acciones de educaci\u00f3n ambiental o peque\u00f1os paseos.<\/p>\n<!-- AddThis Advanced Settings generic via filter on the_content --><!-- AddThis Share Buttons generic via filter on the_content -->","protected":false},"excerpt":{"rendered":"<p>Personas con problemas de movilidad podr\u00e1n disfrutar del Parque Nacional de Monfrag\u00fce. Un proyecto impulsado por la Fundaci\u00f3n Global Nature, Asociaci\u00f3n de Minusv\u00e1lidos de Plasencia, Plataforma sin Barreras, el apoyo de la Obra Social La Caixa, y la colaboraci\u00f3n del Parque Nacional y Gpex, permitir\u00e1 a personas con movilidad reducida hacer una ruta senderista con [&hellip;]<!-- AddThis Advanced Settings generic via filter on get_the_excerpt --><!-- AddThis Share Buttons generic via filter on get_the_excerpt --><\/p>\n","protected":false},"author":27,"featured_media":0,"comment_status":"open","ping_status":"closed","sticky":false,"template":"","format":"standard","meta":[],"categories":[4],"tags":[],"_links":{"self":[{"href":"https:\/\/blogs.hoy.es\/senderosextremadura\/wp-json\/wp\/v2\/posts\/1776"}],"collection":[{"href":"https:\/\/blogs.hoy.es\/senderosextremadura\/wp-json\/wp\/v2\/posts"}],"about":[{"href":"https:\/\/blogs.hoy.es\/senderosextremadura\/wp-json\/wp\/v2\/types\/post"}],"author":[{"embeddable":true,"href":"https:\/\/blogs.hoy.es\/senderosextremadura\/wp-json\/wp\/v2\/users\/27"}],"replies":[{"embeddable":true,"href":"https:\/\/blogs.hoy.es\/senderosextremadura\/wp-json\/wp\/v2\/comments?post=1776"}],"version-history":[{"count":0,"href":"https:\/\/blogs.hoy.es\/senderosextremadura\/wp-json\/wp\/v2\/posts\/1776\/revisions"}],"wp:attachment":[{"href":"https:\/\/blogs.hoy.es\/senderosextremadura\/wp-json\/wp\/v2\/media?parent=1776"}],"wp:term":[{"taxonomy":"category","embeddable":true,"href":"https:\/\/blogs.hoy.es\/senderosextremadura\/wp-json\/wp\/v2\/categories?post=1776"},{"taxonomy":"post_tag","embeddable":true,"href":"https:\/\/blogs.hoy.es\/senderosextremadura\/wp-json\/wp\/v2\/tags?post=1776"}],"curies":[{"name":"wp","href":"https:\/\/api.w.org\/{rel}","templated":true}]}}