{"id":1788,"date":"2013-05-15T10:22:59","date_gmt":"2013-05-15T10:22:59","guid":{"rendered":"http:\/\/blogs.hoy.es\/senderosextremadura\/?p=1788"},"modified":"2013-05-15T10:22:59","modified_gmt":"2013-05-15T10:22:59","slug":"el-bordon-completa-su-etapa-de-la-via-de-la-plata-hasta-salamanca-19-de-mayo","status":"publish","type":"post","link":"https:\/\/blogs.hoy.es\/senderosextremadura\/2013\/05\/15\/el-bordon-completa-su-etapa-de-la-via-de-la-plata-hasta-salamanca-19-de-mayo\/","title":{"rendered":"El Bord\u00f3n completa su etapa de la V\u00eda de la Plata hasta Salamanca (19 de mayo)"},"content":{"rendered":"<p>El domingo la asociaci\u00f3n deportiva <strong>El Bord\u00f3n<\/strong>, realizar\u00e1 la \u00faltima etapa sobre la <strong>V\u00eda de la Plata<\/strong>. El tramo que recorre es el de <strong>Morille a Salamanca de unos 20 kil\u00f3metros de distancia<\/strong>. La salida se hace a las 7.30 horas desde la puerta del parque de los Pinos y la llegada a Plasencia est\u00e1 prevista sobre las 19.00 horas.<!--more--><\/p>\n<p>La jornada comenzar\u00e1 con un desayuno en Morille y en Salamanca se pondr\u00e1 fin a la caminata con un almuerzo tras la cual habr\u00e1 un tiempo libre para disfrutar de la capital charra.<\/p>\n<p>La salida de Morille es c\u00f3moda y discurre entre amplios terrenos hasta dar con una zona de encinas. Pasa por la Aldehuela, el cruce de Miranda de Az\u00e1n hasta dar vista a Salamanca, a donde se entra por el puente romano.<\/p>\n<!-- AddThis Advanced Settings generic via filter on the_content --><!-- AddThis Share Buttons generic via filter on the_content -->","protected":false},"excerpt":{"rendered":"<p>El domingo la asociaci\u00f3n deportiva El Bord\u00f3n, realizar\u00e1 la \u00faltima etapa sobre la V\u00eda de la Plata. El tramo que recorre es el de Morille a Salamanca de unos 20 kil\u00f3metros de distancia. La salida se hace a las 7.30 horas desde la puerta del parque de los Pinos y la llegada a Plasencia est\u00e1 [&hellip;]<!-- AddThis Advanced Settings generic via filter on get_the_excerpt --><!-- AddThis Share Buttons generic via filter on get_the_excerpt --><\/p>\n","protected":false},"author":27,"featured_media":0,"comment_status":"open","ping_status":"closed","sticky":false,"template":"","format":"standard","meta":[],"categories":[4],"tags":[121,272,639,836,1077],"_links":{"self":[{"href":"https:\/\/blogs.hoy.es\/senderosextremadura\/wp-json\/wp\/v2\/posts\/1788"}],"collection":[{"href":"https:\/\/blogs.hoy.es\/senderosextremadura\/wp-json\/wp\/v2\/posts"}],"about":[{"href":"https:\/\/blogs.hoy.es\/senderosextremadura\/wp-json\/wp\/v2\/types\/post"}],"author":[{"embeddable":true,"href":"https:\/\/blogs.hoy.es\/senderosextremadura\/wp-json\/wp\/v2\/users\/27"}],"replies":[{"embeddable":true,"href":"https:\/\/blogs.hoy.es\/senderosextremadura\/wp-json\/wp\/v2\/comments?post=1788"}],"version-history":[{"count":0,"href":"https:\/\/blogs.hoy.es\/senderosextremadura\/wp-json\/wp\/v2\/posts\/1788\/revisions"}],"wp:attachment":[{"href":"https:\/\/blogs.hoy.es\/senderosextremadura\/wp-json\/wp\/v2\/media?parent=1788"}],"wp:term":[{"taxonomy":"category","embeddable":true,"href":"https:\/\/blogs.hoy.es\/senderosextremadura\/wp-json\/wp\/v2\/categories?post=1788"},{"taxonomy":"post_tag","embeddable":true,"href":"https:\/\/blogs.hoy.es\/senderosextremadura\/wp-json\/wp\/v2\/tags?post=1788"}],"curies":[{"name":"wp","href":"https:\/\/api.w.org\/{rel}","templated":true}]}}