{"id":1796,"date":"2013-05-15T11:44:24","date_gmt":"2013-05-15T11:44:24","guid":{"rendered":"http:\/\/blogs.hoy.es\/senderosextremadura\/?p=1796"},"modified":"2013-05-15T11:44:24","modified_gmt":"2013-05-15T11:44:24","slug":"adentrate-en-los-bosques-de-robles-y-castanos-del-ambroz-19-de-mayo","status":"publish","type":"post","link":"https:\/\/blogs.hoy.es\/senderosextremadura\/2013\/05\/15\/adentrate-en-los-bosques-de-robles-y-castanos-del-ambroz-19-de-mayo\/","title":{"rendered":"Ad\u00e9ntrate en los bosques de robles y casta\u00f1os del Ambroz (19 de mayo)"},"content":{"rendered":"<p><strong><\/strong><a href=\"https:\/\/blogs.hoy.es\/senderosextremadura\/\"><img loading=\"lazy\" class=\"aligncenter size-large wp-image-1798\" title=\"\" src=\"\/senderosextremadura\/wp-content\/uploads\/sites\/22\/2013\/05\/carboneros.jpg\" alt=\"\" width=\"600\" height=\"324\" srcset=\"https:\/\/static-blogs.hoy.es\/wp-content\/uploads\/sites\/22\/2013\/05\/carboneros.jpg 647w, https:\/\/static-blogs.hoy.es\/wp-content\/uploads\/sites\/22\/2013\/05\/carboneros-300x162.jpg 300w, https:\/\/static-blogs.hoy.es\/wp-content\/uploads\/sites\/22\/2013\/05\/carboneros-600x325.jpg 600w\" sizes=\"(max-width: 600px) 100vw, 600px\" \/><\/a><\/p>\n<p>&nbsp;<\/p>\n<p>El recorrido que propone <a href=\"http:\/\/www.asociaciongeografica.com\/\" target=\"_blank\" rel=\"external nofollow\"><strong>Geogr\u00e1fica<\/strong><\/a> para este domingo es f\u00e1cil y de una belleza fuera de lo com\u00fan. Nuestra ruta comienza en la localidad de La Garganta (1.090 mts), en donde nos dejar\u00e1 nuestro autocar. Tomaremos el sendero PR-CC 37, que nos llevar\u00e1 por bellos caminos y senderos\u00a0 a recorrer uno de los bosques de robles y casta\u00f1os m\u00e1s emblem\u00e1ticos y espectaculares de Extremadura. Por nuestra izquierda se ver\u00e1n las cumbres de la sierra de B\u00e9jar con el Pinajarro (2.101 m) como \u00faltimo pico por su derecha.<\/p>\n<p><!--more-->Podremos contemplar, a nuestros pies, el valle del Ambroz y y las tierras de Granadilla , vi\u00e9ndose en el horizonte la sierra de Gata. Llegaremos a la ermita de San Gregorio, al final de una bella pradera, donde se inicia el descenso que nos llevar\u00e1 a Herv\u00e1s. Un viejo puente de piedra tapado por la vegetaci\u00f3n permite cruzar el arroyo llamado Balozano , dando acceso a un denso bosque de galer\u00eda que acompa\u00f1a a la ruta en suave desnivel. Pasaremos bajo el talud del ferrocarril de la V\u00eda de la Plata, ahora en desuso. Esta v\u00eda f\u00e9rrea se vuelve a encontrar m\u00e1s adelante -ya cerca de Herv\u00e1s- . Entraremos en Herv\u00e1s por una antigua calleja que nos deja en un puente medieval por el que se entra a la juder\u00eda de esta localidad.<\/p>\n<p>Tras tomar un refrigerio y visitar esta bella localidad, nos dirigiremos hacia nuestro autocar, en la entrada de Herv\u00e1s, para regresar a Badajoz.<\/p>\n<p>Distancia:\u00a0 11,5 kil\u00f3metros.<\/p>\n<p>Dificultad: F\u00e1cil.<\/p>\n<p>Desnivel\u00a0 Positivo: 209 metros.<\/p>\n<p>Desnivel Negativo: 664 metros.<\/p>\n<p>Desnivel acumulado: 873 metros.<\/p>\n<p>Fecha: Domingo 19 de mayo.<\/p>\n<p>Hora de salida: 08:00 horas.<\/p>\n<p>Cuota de inscripci\u00f3n: 20 \u20ac.<\/p>\n<p>Para m\u00e1s informaci\u00f3n llamar al tel\u00e9fono de GEOGRAFICA : 924 278 561<\/p>\n<p>INSCRIPCIONES :<\/p>\n<ul>\n<li>Oficina de GEOGRAFICA: Calle Nevero Doce, N\u00ba15- Of.5.<\/li>\n<li>EL CABALLO: Avenida de Col\u00f3n N\u00ba 1.<\/li>\n<li>PORTAGO: Avenida Juan Carlos I N\u00ba 17.<\/li>\n<li>AUTOSERVICIO HNOS. JIMENEZ: Avd. Sinforiano Madro\u00f1ero N\u00ba 30.<\/li>\n<\/ul>\n<p>&nbsp;<\/p>\n<p><a href=\"http:\/\/www.hoy.es\/multimedia\/fotos\/ultimos\/97457-ruta-carboneros-jerte-valle-ambroz-0.html\" target=\"_blank\" rel=\"external nofollow\"><strong>FOTOS- RUTA DE LOS CARBONEROS POR EL VALLE DEL AMBROZ<\/strong><\/a><\/p>\n<!-- AddThis Advanced Settings generic via filter on the_content --><!-- AddThis Share Buttons generic via filter on the_content -->","protected":false},"excerpt":{"rendered":"<p>&nbsp; El recorrido que propone Geogr\u00e1fica para este domingo es f\u00e1cil y de una belleza fuera de lo com\u00fan. Nuestra ruta comienza en la localidad de La Garganta (1.090 mts), en donde nos dejar\u00e1 nuestro autocar. Tomaremos el sendero PR-CC 37, que nos llevar\u00e1 por bellos caminos y senderos\u00a0 a recorrer uno de los bosques [&hellip;]<!-- AddThis Advanced Settings generic via filter on get_the_excerpt --><!-- AddThis Share Buttons generic via filter on get_the_excerpt --><\/p>\n","protected":false},"author":27,"featured_media":0,"comment_status":"open","ping_status":"closed","sticky":false,"template":"","format":"standard","meta":[],"categories":[4],"tags":[],"_links":{"self":[{"href":"https:\/\/blogs.hoy.es\/senderosextremadura\/wp-json\/wp\/v2\/posts\/1796"}],"collection":[{"href":"https:\/\/blogs.hoy.es\/senderosextremadura\/wp-json\/wp\/v2\/posts"}],"about":[{"href":"https:\/\/blogs.hoy.es\/senderosextremadura\/wp-json\/wp\/v2\/types\/post"}],"author":[{"embeddable":true,"href":"https:\/\/blogs.hoy.es\/senderosextremadura\/wp-json\/wp\/v2\/users\/27"}],"replies":[{"embeddable":true,"href":"https:\/\/blogs.hoy.es\/senderosextremadura\/wp-json\/wp\/v2\/comments?post=1796"}],"version-history":[{"count":0,"href":"https:\/\/blogs.hoy.es\/senderosextremadura\/wp-json\/wp\/v2\/posts\/1796\/revisions"}],"wp:attachment":[{"href":"https:\/\/blogs.hoy.es\/senderosextremadura\/wp-json\/wp\/v2\/media?parent=1796"}],"wp:term":[{"taxonomy":"category","embeddable":true,"href":"https:\/\/blogs.hoy.es\/senderosextremadura\/wp-json\/wp\/v2\/categories?post=1796"},{"taxonomy":"post_tag","embeddable":true,"href":"https:\/\/blogs.hoy.es\/senderosextremadura\/wp-json\/wp\/v2\/tags?post=1796"}],"curies":[{"name":"wp","href":"https:\/\/api.w.org\/{rel}","templated":true}]}}