{"id":1805,"date":"2013-05-17T16:24:26","date_gmt":"2013-05-17T16:24:26","guid":{"rendered":"http:\/\/blogs.hoy.es\/senderosextremadura\/?p=1805"},"modified":"2013-05-17T16:24:26","modified_gmt":"2013-05-17T16:24:26","slug":"adelando-de-rutas-del-club-via-verde-para-junio-y-julio","status":"publish","type":"post","link":"https:\/\/blogs.hoy.es\/senderosextremadura\/2013\/05\/17\/adelando-de-rutas-del-club-via-verde-para-junio-y-julio\/","title":{"rendered":"Adelanto de rutas del Club V\u00eda Verde para junio y julio"},"content":{"rendered":"<p><a href=\"https:\/\/blogs.hoy.es\/senderosextremadura\/\"><img loading=\"lazy\" class=\"aligncenter size-large wp-image-1806\" title=\"\" src=\"\/senderosextremadura\/wp-content\/uploads\/sites\/22\/2013\/05\/via-verde.jpg\" alt=\"\" width=\"600\" height=\"250\" srcset=\"https:\/\/static-blogs.hoy.es\/wp-content\/uploads\/sites\/22\/2013\/05\/via-verde.jpg 720w, https:\/\/static-blogs.hoy.es\/wp-content\/uploads\/sites\/22\/2013\/05\/via-verde-300x125.jpg 300w, https:\/\/static-blogs.hoy.es\/wp-content\/uploads\/sites\/22\/2013\/05\/via-verde-600x250.jpg 600w\" sizes=\"(max-width: 600px) 100vw, 600px\" \/><\/a><\/p>\n<p>Os adelantamos el programa de rutas del club\u00a0 <a href=\"https:\/\/www.facebook.com\/senderismo.laviaverde\/about\" target=\"_blank\" rel=\"external nofollow\"><strong>Senderismo la V\u00eda Verde de Villanueva de la Serena<\/strong><\/a> para los pr\u00f3ximos meses. En breve completar\u00e1n la informaci\u00f3n con m\u00e1s datos.<\/p>\n<p>JUNIO: Ruta senderista en La Vera &#8211; Domingo 9<br \/>\nRuta senderista en la monta\u00f1a &#8211; &#8220;Subida a La Mira por Plataforma de Hoyos&#8221;<\/p>\n<p>JULIO: Fin de semana en la monta\u00f1a &#8211; &#8220;Cinco Lagunas &#8211; subida a La Galana&#8221;<br \/>\nFin de temporada &#8211; D\u00eda de convivencia en Puerto Pe\u00f1a.<\/p>\n<!-- AddThis Advanced Settings generic via filter on the_content --><!-- AddThis Share Buttons generic via filter on the_content -->","protected":false},"excerpt":{"rendered":"<p>Os adelantamos el programa de rutas del club\u00a0 Senderismo la V\u00eda Verde de Villanueva de la Serena para los pr\u00f3ximos meses. En breve completar\u00e1n la informaci\u00f3n con m\u00e1s datos. JUNIO: Ruta senderista en La Vera &#8211; Domingo 9 Ruta senderista en la monta\u00f1a &#8211; &#8220;Subida a La Mira por Plataforma de Hoyos&#8221; JULIO: Fin de [&hellip;]<!-- AddThis Advanced Settings generic via filter on get_the_excerpt --><!-- AddThis Share Buttons generic via filter on get_the_excerpt --><\/p>\n","protected":false},"author":27,"featured_media":0,"comment_status":"open","ping_status":"closed","sticky":false,"template":"","format":"standard","meta":[],"categories":[4],"tags":[],"_links":{"self":[{"href":"https:\/\/blogs.hoy.es\/senderosextremadura\/wp-json\/wp\/v2\/posts\/1805"}],"collection":[{"href":"https:\/\/blogs.hoy.es\/senderosextremadura\/wp-json\/wp\/v2\/posts"}],"about":[{"href":"https:\/\/blogs.hoy.es\/senderosextremadura\/wp-json\/wp\/v2\/types\/post"}],"author":[{"embeddable":true,"href":"https:\/\/blogs.hoy.es\/senderosextremadura\/wp-json\/wp\/v2\/users\/27"}],"replies":[{"embeddable":true,"href":"https:\/\/blogs.hoy.es\/senderosextremadura\/wp-json\/wp\/v2\/comments?post=1805"}],"version-history":[{"count":0,"href":"https:\/\/blogs.hoy.es\/senderosextremadura\/wp-json\/wp\/v2\/posts\/1805\/revisions"}],"wp:attachment":[{"href":"https:\/\/blogs.hoy.es\/senderosextremadura\/wp-json\/wp\/v2\/media?parent=1805"}],"wp:term":[{"taxonomy":"category","embeddable":true,"href":"https:\/\/blogs.hoy.es\/senderosextremadura\/wp-json\/wp\/v2\/categories?post=1805"},{"taxonomy":"post_tag","embeddable":true,"href":"https:\/\/blogs.hoy.es\/senderosextremadura\/wp-json\/wp\/v2\/tags?post=1805"}],"curies":[{"name":"wp","href":"https:\/\/api.w.org\/{rel}","templated":true}]}}