{"id":1807,"date":"2013-04-23T08:21:59","date_gmt":"2013-04-23T08:21:59","guid":{"rendered":"http:\/\/blogs.hoy.es\/senderosextremadura\/?p=1565"},"modified":"2013-04-23T08:21:59","modified_gmt":"2013-04-23T08:21:59","slug":"ruta-hasta-la-casa-de-luis-chamizo-en-guarena-21-de-abril","status":"publish","type":"post","link":"https:\/\/blogs.hoy.es\/senderosextremadura\/2013\/04\/23\/ruta-hasta-la-casa-de-luis-chamizo-en-guarena-21-de-abril\/","title":{"rendered":"Los caminos de Luis Chamizo  (21 de abril)"},"content":{"rendered":"<p><a href=\"https:\/\/blogs.hoy.es\/senderosextremadura\/\"><img loading=\"lazy\" class=\"alignright size-large wp-image-1649\" title=\"Algunos participantes en la ruta:: SENDERISMO VALDEARENALES\" src=\"\/senderosextremadura\/wp-content\/uploads\/sites\/22\/2013\/04\/chmas0675933_n.jpg\" alt=\"\" width=\"600\" height=\"450\" srcset=\"https:\/\/static-blogs.hoy.es\/wp-content\/uploads\/sites\/22\/2013\/04\/chmas0675933_n.jpg 960w, https:\/\/static-blogs.hoy.es\/wp-content\/uploads\/sites\/22\/2013\/04\/chmas0675933_n-300x225.jpg 300w, https:\/\/static-blogs.hoy.es\/wp-content\/uploads\/sites\/22\/2013\/04\/chmas0675933_n-768x576.jpg 768w, https:\/\/static-blogs.hoy.es\/wp-content\/uploads\/sites\/22\/2013\/04\/chmas0675933_n-600x450.jpg 600w\" sizes=\"(max-width: 600px) 100vw, 600px\" \/><\/a><\/p>\n<p>&nbsp;<\/p>\n<p>&nbsp;<\/p>\n<p>Senderismo y literatura se unieron este domingo en una ruta por<a href=\"www.hoyguarena.es\"> <strong>Guare\u00f1a<\/strong>.<\/a>\u00a0 Conmemor\u00e1ndose hoy el\u00a0 <strong>D\u00eda del Libro,<\/strong> qu\u00e9 mejor homenaje que esta <a href=\"http:\/\/www.hoy.es\/multimedia\/fotos\/ultimos\/119209-caminata-hasta-casa-luis-chamizo-guarena-0.html\" target=\"_blank\" rel=\"external nofollow\"><strong>marcha-convivencia<\/strong> (FOTOS)<\/a> que senderistas de toda extremadura, adem\u00e1s de ciclistas y caballistas, realizaron\u00a0 hasta la <strong>casa de campo Luis Chamizo<\/strong>, el escritor extreme\u00f1o c\u00e9lebre por el <em><strong>Miaj\u00f3n de los Cast\u00faos<\/strong><\/em>. Quiz\u00e1 en estos parajes, tumbado al cobijo de una encina, sinti\u00f3 la inspiraci\u00f3n para escribir estos versos:<br \/>\n<em><\/em><\/p>\n<p>&nbsp;<\/p>\n<p><em>Jue&#8217;n la joya las Torbiscas una siesta,<\/em><br \/>\n<em>cuando&#8217;l sol achicharraba;<\/em><br \/>\n<em>una siesta qu&#8217;entum\u00eda los sent\u00edos<\/em><br \/>\n<em>el bochorno de la calda;<\/em><br \/>\n<em>sin arrullos de las t\u00f3rtolas<\/em><br \/>\n<em>ni continos sonsonetes de chicharras,<\/em><br \/>\n<em>sin trin\u00edos de cogutas<\/em><br \/>\n<em>y sin roncos guarrapeos de las ranas:<\/em><br \/>\n<em>una siesta pa dormila baj&#8217;un chopo,<\/em><br \/>\n<em>panz&#8217;arriba, junt&#8217;al agua.<\/em><\/p>\n<p>&nbsp;<\/p>\n<p><a href=\"http:\/\/www.hoy.es\/multimedia\/fotos\/ultimos\/119209-caminata-hasta-casa-luis-chamizo-guarena-0.html\" target=\"_blank\" rel=\"external nofollow\">Aqu\u00ed pod\u00e9is ver las fotos que nos ha cedido <strong>SENDERISMO VALDEARENALES.<\/strong> <\/a><\/p>\n<p>&nbsp;<\/p>\n<!-- AddThis Advanced Settings generic via filter on the_content --><!-- AddThis Share Buttons generic via filter on the_content -->","protected":false},"excerpt":{"rendered":"<p>&nbsp; &nbsp; Senderismo y literatura se unieron este domingo en una ruta por Guare\u00f1a.\u00a0 Conmemor\u00e1ndose hoy el\u00a0 D\u00eda del Libro, qu\u00e9 mejor homenaje que esta marcha-convivencia (FOTOS) que senderistas de toda extremadura, adem\u00e1s de ciclistas y caballistas, realizaron\u00a0 hasta la casa de campo Luis Chamizo, el escritor extreme\u00f1o c\u00e9lebre por el Miaj\u00f3n de los Cast\u00faos. [&hellip;]<!-- AddThis Advanced Settings generic via filter on get_the_excerpt --><!-- AddThis Share Buttons generic via filter on get_the_excerpt --><\/p>\n","protected":false},"author":27,"featured_media":0,"comment_status":"open","ping_status":"closed","sticky":false,"template":"","format":"standard","meta":[],"categories":[4],"tags":[372,739,836,906],"_links":{"self":[{"href":"https:\/\/blogs.hoy.es\/senderosextremadura\/wp-json\/wp\/v2\/posts\/1807"}],"collection":[{"href":"https:\/\/blogs.hoy.es\/senderosextremadura\/wp-json\/wp\/v2\/posts"}],"about":[{"href":"https:\/\/blogs.hoy.es\/senderosextremadura\/wp-json\/wp\/v2\/types\/post"}],"author":[{"embeddable":true,"href":"https:\/\/blogs.hoy.es\/senderosextremadura\/wp-json\/wp\/v2\/users\/27"}],"replies":[{"embeddable":true,"href":"https:\/\/blogs.hoy.es\/senderosextremadura\/wp-json\/wp\/v2\/comments?post=1807"}],"version-history":[{"count":0,"href":"https:\/\/blogs.hoy.es\/senderosextremadura\/wp-json\/wp\/v2\/posts\/1807\/revisions"}],"wp:attachment":[{"href":"https:\/\/blogs.hoy.es\/senderosextremadura\/wp-json\/wp\/v2\/media?parent=1807"}],"wp:term":[{"taxonomy":"category","embeddable":true,"href":"https:\/\/blogs.hoy.es\/senderosextremadura\/wp-json\/wp\/v2\/categories?post=1807"},{"taxonomy":"post_tag","embeddable":true,"href":"https:\/\/blogs.hoy.es\/senderosextremadura\/wp-json\/wp\/v2\/tags?post=1807"}],"curies":[{"name":"wp","href":"https:\/\/api.w.org\/{rel}","templated":true}]}}