{"id":1813,"date":"2013-05-20T08:25:42","date_gmt":"2013-05-20T08:25:42","guid":{"rendered":"http:\/\/blogs.hoy.es\/senderosextremadura\/?p=1813"},"modified":"2013-05-20T08:25:42","modified_gmt":"2013-05-20T08:25:42","slug":"un-senderista-de-43-anos-rescatado-en-helicoptero-en-la-ruta-de-carlos-v","status":"publish","type":"post","link":"https:\/\/blogs.hoy.es\/senderosextremadura\/2013\/05\/20\/un-senderista-de-43-anos-rescatado-en-helicoptero-en-la-ruta-de-carlos-v\/","title":{"rendered":"Un senderista de 43 a\u00f1os, rescatado en helic\u00f3ptero en la Ruta de Carlos V"},"content":{"rendered":"<p><a href=\"https:\/\/blogs.hoy.es\/senderosextremadura\/\"><img loading=\"lazy\" class=\"aligncenter size-large wp-image-1815\" title=\"\" src=\"\/senderosextremadura\/wp-content\/uploads\/sites\/22\/2013\/05\/CARLOS6.jpg\" alt=\"\" width=\"600\" height=\"370\" srcset=\"https:\/\/static-blogs.hoy.es\/wp-content\/uploads\/sites\/22\/2013\/05\/CARLOS6.jpg 647w, https:\/\/static-blogs.hoy.es\/wp-content\/uploads\/sites\/22\/2013\/05\/CARLOS6-300x185.jpg 300w, https:\/\/static-blogs.hoy.es\/wp-content\/uploads\/sites\/22\/2013\/05\/CARLOS6-600x371.jpg 600w\" sizes=\"(max-width: 600px) 100vw, 600px\" \/><\/a><\/p>\n<p><a href=\"http:\/\/www.hoy.es\/multimedia\/fotos\/caceres\/120070-ruta-carlos-explorer-0.html\" target=\"_blank\" rel=\"external nofollow\"><strong>GALER\u00cdA:: LA RUTA DE CARLOS V, EN IM\u00c1GENES<\/strong><\/a><\/p>\n<p>Un hombre de 43 a\u00f1os, que participaba en la Ruta senderista de Carlos V, ha tenido que ser rescatado por el Helic\u00f3ptero de Rescate en Monta\u00f1a de la Guardia Civil tras sufrir una fractura de tobillo, seg\u00fan ha informado hoy el Centro de Urgencias y Emergencias 112-Extremadura.<\/p>\n<p>Sobre las 15:10 horas de hoy se ha recibido en el citado centro una llamada en la que se informaba de la ca\u00edda del senderista y de su posible lesi\u00f3n, cuando \u00e9ste se encontraba a unos 4 kil\u00f3metros del Centro de Interpretaci\u00f3n perteneciente al municipio cacere\u00f1o de Jerte.<\/p>\n<p><!--more--><\/p>\n<p>El 112 ha movilizado entonces a un equipo m\u00e9dico y a una ambulancia convencional, pero dado lo abrupto del terreno y la imposibilidad de acceder al herido por medios terrestre, se ha activado el servicio del Helic\u00f3ptero de Rescate en Monta\u00f1a de la Guardia Civil, que es el que finalmente ha rescatado al hombre y lo ha trasladado hasta el Hospital Virgen del Puerto de Plasencia (C\u00e1ceres).<\/p>\n<p>La Ruta Carlos V se celebra cada a\u00f1o entre las localidades cacere\u00f1as de Tornavacas y Jarandilla de la Vera, para conmemorar el viaje del emperador hacia el Monasterio de Yuste, donde pasar\u00eda los \u00faltimos a\u00f1os de su vida.<\/p>\n<p>&nbsp;<\/p>\n<p>Fuente: EFE<\/p>\n<!-- AddThis Advanced Settings generic via filter on the_content --><!-- AddThis Share Buttons generic via filter on the_content -->","protected":false},"excerpt":{"rendered":"<p>GALER\u00cdA:: LA RUTA DE CARLOS V, EN IM\u00c1GENES Un hombre de 43 a\u00f1os, que participaba en la Ruta senderista de Carlos V, ha tenido que ser rescatado por el Helic\u00f3ptero de Rescate en Monta\u00f1a de la Guardia Civil tras sufrir una fractura de tobillo, seg\u00fan ha informado hoy el Centro de Urgencias y Emergencias 112-Extremadura. [&hellip;]<!-- AddThis Advanced Settings generic via filter on get_the_excerpt --><!-- AddThis Share Buttons generic via filter on get_the_excerpt --><\/p>\n","protected":false},"author":27,"featured_media":0,"comment_status":"open","ping_status":"closed","sticky":false,"template":"","format":"standard","meta":[],"categories":[3],"tags":[],"_links":{"self":[{"href":"https:\/\/blogs.hoy.es\/senderosextremadura\/wp-json\/wp\/v2\/posts\/1813"}],"collection":[{"href":"https:\/\/blogs.hoy.es\/senderosextremadura\/wp-json\/wp\/v2\/posts"}],"about":[{"href":"https:\/\/blogs.hoy.es\/senderosextremadura\/wp-json\/wp\/v2\/types\/post"}],"author":[{"embeddable":true,"href":"https:\/\/blogs.hoy.es\/senderosextremadura\/wp-json\/wp\/v2\/users\/27"}],"replies":[{"embeddable":true,"href":"https:\/\/blogs.hoy.es\/senderosextremadura\/wp-json\/wp\/v2\/comments?post=1813"}],"version-history":[{"count":0,"href":"https:\/\/blogs.hoy.es\/senderosextremadura\/wp-json\/wp\/v2\/posts\/1813\/revisions"}],"wp:attachment":[{"href":"https:\/\/blogs.hoy.es\/senderosextremadura\/wp-json\/wp\/v2\/media?parent=1813"}],"wp:term":[{"taxonomy":"category","embeddable":true,"href":"https:\/\/blogs.hoy.es\/senderosextremadura\/wp-json\/wp\/v2\/categories?post=1813"},{"taxonomy":"post_tag","embeddable":true,"href":"https:\/\/blogs.hoy.es\/senderosextremadura\/wp-json\/wp\/v2\/tags?post=1813"}],"curies":[{"name":"wp","href":"https:\/\/api.w.org\/{rel}","templated":true}]}}