{"id":1816,"date":"2013-06-07T16:34:26","date_gmt":"2013-06-07T16:34:26","guid":{"rendered":"http:\/\/blogs.hoy.es\/senderosextremadura\/?p=1816"},"modified":"2013-06-07T16:34:26","modified_gmt":"2013-06-07T16:34:26","slug":"ruta-nocturna-de-las-corujas-29-de-junio","status":"publish","type":"post","link":"https:\/\/blogs.hoy.es\/senderosextremadura\/2013\/06\/07\/ruta-nocturna-de-las-corujas-29-de-junio\/","title":{"rendered":"Prisi\u00f1as completa inscripciones para su nocturna de las Corujas (29 de junio)"},"content":{"rendered":"<p><a href=\"https:\/\/blogs.hoy.es\/senderosextremadura\/2013\/06\/07\/ruta-nocturna-de-las-corujas-29-de-junio\/corujas\/\" rel=\"attachment wp-att-1817\"><img loading=\"lazy\" class=\"aligncenter size-large wp-image-1817\" title=\"\" src=\"\/senderosextremadura\/wp-content\/uploads\/sites\/22\/2013\/05\/corujas.jpg\" alt=\"\" width=\"600\" height=\"423\" srcset=\"https:\/\/static-blogs.hoy.es\/wp-content\/uploads\/sites\/22\/2013\/05\/corujas.jpg 960w, https:\/\/static-blogs.hoy.es\/wp-content\/uploads\/sites\/22\/2013\/05\/corujas-300x212.jpg 300w, https:\/\/static-blogs.hoy.es\/wp-content\/uploads\/sites\/22\/2013\/05\/corujas-768x542.jpg 768w, https:\/\/static-blogs.hoy.es\/wp-content\/uploads\/sites\/22\/2013\/05\/corujas-600x424.jpg 600w\" sizes=\"(max-width: 600px) 100vw, 600px\" \/><\/a><\/p>\n<p>El <a href=\"http:\/\/www.clubsenderistaolivenza.es\/\" target=\"_blank\" rel=\"external nofollow\"><strong>club senderista Prisi\u00f1as de Olivenza<\/strong><\/a> celebrar\u00e1 una <strong>marcha nocturna el pr\u00f3ximo 29 de junio<\/strong>. Se trata de la <strong>Ruta de las Corujas<\/strong>. Se recorrer\u00e1n <strong>15 kil\u00f3metros<\/strong> que comenzar\u00e1n a recorrerrse a las 21.30 horas desde el <strong>Hotel Heredero<\/strong>, donde habr\u00e1 una cena.<\/p>\n<div id=\"id_519b9fe087b831b42553809\">Los caminantes seguir\u00e1n el sendero oculto de las corujas en aquella noche en la que la luna mostraba, con timidez, la mitad de su cara. El aire era c\u00e1lido y la luz ba\u00f1aba los extensos mares arados de tierra, adornados por la elegante silueta de las encinas que rodeaban Olivenza. El secreto s\u00f3lo ser\u00eda desvelado para aquellos que creyeran en la existencia de aquel lugar misterioso. Todos los que quieran participar recorrer\u00edan un camino inh\u00f3spito que jam\u00e1s volver\u00edan a pisar y, al llegar, no encontrar\u00edan palabras para describir lo hallar\u00edan all\u00ed.<\/div>\n<div><\/div>\n<div>S\u00f3lo aquella <strong>noche del 29 de junio<\/strong>, con la luna en cuarto menguante, ser\u00eda posible vivir el sue\u00f1o de contemplar algo que nuestros ojos no habr\u00edan visto jam\u00e1s. Y los lagartos, ya convertidos de nuevo en humanos, ten\u00edan la llave para cruzar la puerta invisible que llevaba all\u00ed, donde las corujas replegaban sus alas y se posaban para vivir, durante unas horas, una ilusi\u00f3n convertida en una fant\u00e1stica realidad. El sendero estaba trazado, pero se borrar\u00eda al salir el sol y todos los que no lo siguieran aquella noche, no tendr\u00edan nunca m\u00e1s la oportunidad de descubrirlo.<\/div>\n<div><\/div>\n<div>M\u00c1S INFORMACI\u00d3N &#8211; La inscripci\u00f3n ha quedado cerrada esta semana con 516 caminantes inscritos. El club agradece a todos los participantes el interer\u00e9s mostrado por esta nueva actividad.<\/div>\n<div><\/div>\n<div><a href=\"http:\/\/www.clubsenderistaolivenza.es\/\" target=\"_blank\" rel=\"external nofollow\"><strong>http:\/\/www.clubsenderistaolivenza.es<\/strong><\/a><\/div>\n<div><\/div>\n<div><a href=\"https:\/\/blogs.hoy.es\/senderosextremadura\/2013\/06\/07\/ruta-nocturna-de-las-corujas-29-de-junio\/ruta-7\/\" rel=\"attachment wp-att-1878\"><img loading=\"lazy\" class=\"aligncenter size-full wp-image-1878\" title=\"\" src=\"\/senderosextremadura\/wp-content\/uploads\/sites\/22\/2013\/05\/RUTA.jpg\" alt=\"\" width=\"599\" height=\"591\" srcset=\"https:\/\/static-blogs.hoy.es\/wp-content\/uploads\/sites\/22\/2013\/05\/RUTA.jpg 599w, https:\/\/static-blogs.hoy.es\/wp-content\/uploads\/sites\/22\/2013\/05\/RUTA-300x296.jpg 300w\" sizes=\"(max-width: 599px) 100vw, 599px\" \/><\/a><\/div>\n<div><a href=\"https:\/\/blogs.hoy.es\/senderosextremadura\/\"><img loading=\"lazy\" class=\"aligncenter size-large wp-image-1883\" title=\"\" src=\"\/senderosextremadura\/wp-content\/uploads\/sites\/22\/2013\/05\/ficha-tecnica50_n.jpg\" alt=\"\" width=\"600\" height=\"404\" srcset=\"https:\/\/static-blogs.hoy.es\/wp-content\/uploads\/sites\/22\/2013\/05\/ficha-tecnica50_n.jpg 960w, https:\/\/static-blogs.hoy.es\/wp-content\/uploads\/sites\/22\/2013\/05\/ficha-tecnica50_n-300x202.jpg 300w, https:\/\/static-blogs.hoy.es\/wp-content\/uploads\/sites\/22\/2013\/05\/ficha-tecnica50_n-768x518.jpg 768w, https:\/\/static-blogs.hoy.es\/wp-content\/uploads\/sites\/22\/2013\/05\/ficha-tecnica50_n-600x404.jpg 600w\" sizes=\"(max-width: 600px) 100vw, 600px\" \/><\/a><\/div>\n<!-- AddThis Advanced Settings generic via filter on the_content --><!-- AddThis Share Buttons generic via filter on the_content -->","protected":false},"excerpt":{"rendered":"<p>El club senderista Prisi\u00f1as de Olivenza celebrar\u00e1 una marcha nocturna el pr\u00f3ximo 29 de junio. Se trata de la Ruta de las Corujas. Se recorrer\u00e1n 15 kil\u00f3metros que comenzar\u00e1n a recorrerrse a las 21.30 horas desde el Hotel Heredero, donde habr\u00e1 una cena. Los caminantes seguir\u00e1n el sendero oculto de las corujas en aquella noche [&hellip;]<!-- AddThis Advanced Settings generic via filter on get_the_excerpt --><!-- AddThis Share Buttons generic via filter on get_the_excerpt --><\/p>\n","protected":false},"author":27,"featured_media":0,"comment_status":"open","ping_status":"closed","sticky":false,"template":"","format":"standard","meta":[],"categories":[4],"tags":[],"_links":{"self":[{"href":"https:\/\/blogs.hoy.es\/senderosextremadura\/wp-json\/wp\/v2\/posts\/1816"}],"collection":[{"href":"https:\/\/blogs.hoy.es\/senderosextremadura\/wp-json\/wp\/v2\/posts"}],"about":[{"href":"https:\/\/blogs.hoy.es\/senderosextremadura\/wp-json\/wp\/v2\/types\/post"}],"author":[{"embeddable":true,"href":"https:\/\/blogs.hoy.es\/senderosextremadura\/wp-json\/wp\/v2\/users\/27"}],"replies":[{"embeddable":true,"href":"https:\/\/blogs.hoy.es\/senderosextremadura\/wp-json\/wp\/v2\/comments?post=1816"}],"version-history":[{"count":0,"href":"https:\/\/blogs.hoy.es\/senderosextremadura\/wp-json\/wp\/v2\/posts\/1816\/revisions"}],"wp:attachment":[{"href":"https:\/\/blogs.hoy.es\/senderosextremadura\/wp-json\/wp\/v2\/media?parent=1816"}],"wp:term":[{"taxonomy":"category","embeddable":true,"href":"https:\/\/blogs.hoy.es\/senderosextremadura\/wp-json\/wp\/v2\/categories?post=1816"},{"taxonomy":"post_tag","embeddable":true,"href":"https:\/\/blogs.hoy.es\/senderosextremadura\/wp-json\/wp\/v2\/tags?post=1816"}],"curies":[{"name":"wp","href":"https:\/\/api.w.org\/{rel}","templated":true}]}}