{"id":1828,"date":"2013-05-22T08:04:18","date_gmt":"2013-05-22T08:04:18","guid":{"rendered":"http:\/\/blogs.hoy.es\/senderosextremadura\/?p=1828"},"modified":"2013-05-22T08:04:18","modified_gmt":"2013-05-22T08:04:18","slug":"la-semana-de-montana-de-campo-aranuelo-arranco-con-una-ruta-infantil-por-los-cerros","status":"publish","type":"post","link":"https:\/\/blogs.hoy.es\/senderosextremadura\/2013\/05\/22\/la-semana-de-montana-de-campo-aranuelo-arranco-con-una-ruta-infantil-por-los-cerros\/","title":{"rendered":"La Semana de Monta\u00f1a de Campo Ara\u00f1uelo arranc\u00f3 con una ruta infantil por los cerros"},"content":{"rendered":"<p><a href=\"https:\/\/blogs.hoy.es\/senderosextremadura\/\"><img loading=\"lazy\" class=\"alignleft  wp-image-1829\" title=\"\" src=\"\/senderosextremadura\/wp-content\/uploads\/sites\/22\/2013\/05\/pozon-ruta.jpg\" alt=\"\" width=\"314\" height=\"230\" \/><\/a>MAM | El <strong>Centro Excursionista del Campo Ara\u00f1uelo (CECA)<\/strong> inici\u00f3 el martes la Semana de Monta\u00f1a propiamente dicha, al margen de la visita y la ruta senderista que realiz\u00f3 el domingo en el entorno de Logros\u00e1n. La primera cita del d\u00eda ya demuestra con claridad lo que pretenden los responsables del club con su organizaci\u00f3n, como es promocionar la pr\u00e1ctica de deportes en la naturaleza entre los m\u00e1s j\u00f3venes.<\/p>\n<div>\n<p>Para ello nada mejor que sacar a m\u00e1s de 100 chavales a andar por el campo, en la cuarta ruta senderista infantil. Son alumnos del colegio El Poz\u00f3n, que han recorrido unos 5 kil\u00f3metros por los cerros que rodean Navalmoral como vienen haciendo en los \u00faltimos a\u00f1os para disfrutar de un agradable paseo, de la naturaleza y de las vistas del casco urbano que se contemplan desde lo alto, con la sierra de Gredos al fondo. Los propios chavales se pueden ver en una galer\u00eda fotogr\u00e1fica en hoynavalmoral.es, en el apartado de deportes.<!--more--><\/p>\n<p>La siguiente cita fue para chavales algo m\u00e1s mayores, alumnos del instituto Zurbar\u00e1n, a los que Juanjo Rubio ofreci\u00f3 una charla-coloquio sobre descenso de barrancos, acompa\u00f1ado por una proyecci\u00f3n audiovisual. La charla y el audiovisual, &#8216;Aurora Boreal&#8217;, se repiti\u00f3 por la noche para el p\u00fablico adulto en la Fundaci\u00f3n Concha, donde tambi\u00e9n se puede contemplar una exposici\u00f3n fotogr\u00e1fica.<\/p>\n<p>La XIX Semana de Monta\u00f1a del Centro Excursionista se prolongar\u00e1 hasta el viernes, y en su organizaci\u00f3n colabora el Ayuntamiento.<\/p>\n<\/div>\n<!-- AddThis Advanced Settings generic via filter on the_content --><!-- AddThis Share Buttons generic via filter on the_content -->","protected":false},"excerpt":{"rendered":"<p>MAM | El Centro Excursionista del Campo Ara\u00f1uelo (CECA) inici\u00f3 el martes la Semana de Monta\u00f1a propiamente dicha, al margen de la visita y la ruta senderista que realiz\u00f3 el domingo en el entorno de Logros\u00e1n. La primera cita del d\u00eda ya demuestra con claridad lo que pretenden los responsables del club con su organizaci\u00f3n, [&hellip;]<!-- AddThis Advanced Settings generic via filter on get_the_excerpt --><!-- AddThis Share Buttons generic via filter on get_the_excerpt --><\/p>\n","protected":false},"author":27,"featured_media":0,"comment_status":"open","ping_status":"closed","sticky":false,"template":"","format":"standard","meta":[],"categories":[3],"tags":[],"_links":{"self":[{"href":"https:\/\/blogs.hoy.es\/senderosextremadura\/wp-json\/wp\/v2\/posts\/1828"}],"collection":[{"href":"https:\/\/blogs.hoy.es\/senderosextremadura\/wp-json\/wp\/v2\/posts"}],"about":[{"href":"https:\/\/blogs.hoy.es\/senderosextremadura\/wp-json\/wp\/v2\/types\/post"}],"author":[{"embeddable":true,"href":"https:\/\/blogs.hoy.es\/senderosextremadura\/wp-json\/wp\/v2\/users\/27"}],"replies":[{"embeddable":true,"href":"https:\/\/blogs.hoy.es\/senderosextremadura\/wp-json\/wp\/v2\/comments?post=1828"}],"version-history":[{"count":0,"href":"https:\/\/blogs.hoy.es\/senderosextremadura\/wp-json\/wp\/v2\/posts\/1828\/revisions"}],"wp:attachment":[{"href":"https:\/\/blogs.hoy.es\/senderosextremadura\/wp-json\/wp\/v2\/media?parent=1828"}],"wp:term":[{"taxonomy":"category","embeddable":true,"href":"https:\/\/blogs.hoy.es\/senderosextremadura\/wp-json\/wp\/v2\/categories?post=1828"},{"taxonomy":"post_tag","embeddable":true,"href":"https:\/\/blogs.hoy.es\/senderosextremadura\/wp-json\/wp\/v2\/tags?post=1828"}],"curies":[{"name":"wp","href":"https:\/\/api.w.org\/{rel}","templated":true}]}}