{"id":1834,"date":"2013-05-22T16:10:41","date_gmt":"2013-05-22T16:10:41","guid":{"rendered":"http:\/\/blogs.hoy.es\/senderosextremadura\/?p=1834"},"modified":"2013-05-22T16:10:41","modified_gmt":"2013-05-22T16:10:41","slug":"rutas-y-talleres-en-la-iv-semana-del-geoparque-villuercas-ibores-jara","status":"publish","type":"post","link":"https:\/\/blogs.hoy.es\/senderosextremadura\/2013\/05\/22\/rutas-y-talleres-en-la-iv-semana-del-geoparque-villuercas-ibores-jara\/","title":{"rendered":"Rutas y talleres en la IV Semana del Geoparque Villuercas-Ibores-Jara"},"content":{"rendered":"<p><a href=\"http:\/\/www.hoy.es\/multimedia\/fotos\/ultimos\/84990-geoparque-villuercas-ibores-jara-0.html\" rel=\"external nofollow\"><img loading=\"lazy\" class=\"aligncenter size-large wp-image-1835\" title=\"Vistas del Geoparque\" src=\"\/senderosextremadura\/wp-content\/uploads\/sites\/22\/2013\/05\/GEOPARQUEE.jpg\" alt=\"\" width=\"600\" height=\"401\" srcset=\"https:\/\/static-blogs.hoy.es\/wp-content\/uploads\/sites\/22\/2013\/05\/GEOPARQUEE.jpg 851w, https:\/\/static-blogs.hoy.es\/wp-content\/uploads\/sites\/22\/2013\/05\/GEOPARQUEE-300x201.jpg 300w, https:\/\/static-blogs.hoy.es\/wp-content\/uploads\/sites\/22\/2013\/05\/GEOPARQUEE-768x514.jpg 768w, https:\/\/static-blogs.hoy.es\/wp-content\/uploads\/sites\/22\/2013\/05\/GEOPARQUEE-600x402.jpg 600w\" sizes=\"(max-width: 600px) 100vw, 600px\" \/><\/a><\/p>\n<p>La cuarta edici\u00f3n de la Semana Europea del <a href=\"http:\/\/www.hoy.es\/multimedia\/fotos\/ultimos\/84990-geoparque-villuercas-ibores-jara-0.html\" target=\"_blank\" rel=\"external nofollow\"><strong>Geoparque Villuercas-Ibores-Jara (FOTOS)<\/strong><\/a> se celebrar\u00e1 desde el 24 de mayo al 1 de junio en varios municipios de la comarca. El programa, que incluye <strong>rutas, talleres, jornadas empresariales, actividades infantiles, coloquios y exposiciones<\/strong>, ha sido presentado esta ma\u00f1ana por el presidente de la Diputaci\u00f3n y del Geoparque de Villuercas Ibores Jara, Laureano Le\u00f3n; el director del proyecto, Jos\u00e9 Mar\u00eda Barrera; y Cristina Ram\u00edrez, alcaldesa de Al\u00eda, la localidad donde tendr\u00e1 lugar el acto de inauguraci\u00f3n de esta edici\u00f3n.<!--more--> Se trata de un evento que promueve la <strong>Red Europea de Geoparques (EGN)<\/strong> y que todos los miembros de la red celebran en las mismas fechas. El objetivo es que tanto los habitantes los 19 municipios de este territorio, sus visitantes como la sociedad al completo sean conscientes de la importancia de esta iniciativa de conservaci\u00f3n y desarrollo tur\u00edstico sostenible. Para esta edici\u00f3n los miembros del Geoparque han elegido el lema &#8216;Donde las rocas viven&#8217;. Adem\u00e1s de los actos previstos durante toda la semana -que estar\u00e1n dirigidos a la comunidad tur\u00edstica, escolar y cient\u00edfica- en la Semana Europea del Geoparque tambi\u00e9n participar\u00e1n las empresas. El objetivo es que ayuden a los visitantes a conocer los rincones m\u00e1s hermosos y significativos de los paisajes de este territorio. Por ese motivo, los establecimientos hosteleros ya preparan los &#8216;geomen\u00fas&#8217;, en los que se ofrecer\u00e1n platos elaborados con algunos de los productos t\u00edpicos, como la miel o el queso de los Ibores.<\/p>\n<!-- AddThis Advanced Settings generic via filter on the_content --><!-- AddThis Share Buttons generic via filter on the_content -->","protected":false},"excerpt":{"rendered":"<p>La cuarta edici\u00f3n de la Semana Europea del Geoparque Villuercas-Ibores-Jara (FOTOS) se celebrar\u00e1 desde el 24 de mayo al 1 de junio en varios municipios de la comarca. El programa, que incluye rutas, talleres, jornadas empresariales, actividades infantiles, coloquios y exposiciones, ha sido presentado esta ma\u00f1ana por el presidente de la Diputaci\u00f3n y del Geoparque [&hellip;]<!-- AddThis Advanced Settings generic via filter on get_the_excerpt --><!-- AddThis Share Buttons generic via filter on get_the_excerpt --><\/p>\n","protected":false},"author":27,"featured_media":0,"comment_status":"open","ping_status":"closed","sticky":false,"template":"","format":"standard","meta":[],"categories":[4],"tags":[54,351,1100],"_links":{"self":[{"href":"https:\/\/blogs.hoy.es\/senderosextremadura\/wp-json\/wp\/v2\/posts\/1834"}],"collection":[{"href":"https:\/\/blogs.hoy.es\/senderosextremadura\/wp-json\/wp\/v2\/posts"}],"about":[{"href":"https:\/\/blogs.hoy.es\/senderosextremadura\/wp-json\/wp\/v2\/types\/post"}],"author":[{"embeddable":true,"href":"https:\/\/blogs.hoy.es\/senderosextremadura\/wp-json\/wp\/v2\/users\/27"}],"replies":[{"embeddable":true,"href":"https:\/\/blogs.hoy.es\/senderosextremadura\/wp-json\/wp\/v2\/comments?post=1834"}],"version-history":[{"count":0,"href":"https:\/\/blogs.hoy.es\/senderosextremadura\/wp-json\/wp\/v2\/posts\/1834\/revisions"}],"wp:attachment":[{"href":"https:\/\/blogs.hoy.es\/senderosextremadura\/wp-json\/wp\/v2\/media?parent=1834"}],"wp:term":[{"taxonomy":"category","embeddable":true,"href":"https:\/\/blogs.hoy.es\/senderosextremadura\/wp-json\/wp\/v2\/categories?post=1834"},{"taxonomy":"post_tag","embeddable":true,"href":"https:\/\/blogs.hoy.es\/senderosextremadura\/wp-json\/wp\/v2\/tags?post=1834"}],"curies":[{"name":"wp","href":"https:\/\/api.w.org\/{rel}","templated":true}]}}